{"id":1149,"date":"2018-05-19T07:10:36","date_gmt":"2018-05-19T06:10:36","guid":{"rendered":"http:\/\/sdm-lesmesnuls.fr\/?p=1149"},"modified":"2018-05-19T08:03:24","modified_gmt":"2018-05-19T07:03:24","slug":"vivre-tous-les-jours-dans-un-environnement-degrade","status":"publish","type":"post","link":"https:\/\/sdm-lesmesnuls.fr\/?p=1149","title":{"rendered":"VIVRE TOUS LES JOURS DANS UN ENVIRONNEMENT D\u00c9GRAD\u00c9"},"content":{"rendered":"<p style=\"text-align: justify;\">La travers\u00e9e des villages par les poids-lourds est un probl\u00e8me r\u00e9current qui touche de trop nombreux villages. Particuli\u00e8rement en \u00cele-de-France, une simple revue de presse montre combien les populations concern\u00e9es de notre bassin de vie sont exasp\u00e9r\u00e9es.<\/p>\n<p style=\"text-align: justify;\">Tr\u00e8s souvent le constat que la situation n\u2019est pas soutenable est fait et il est accept\u00e9 que des dispositions correctives doivent \u00eatre mises en place. H\u00e9las, au fil du temps peu de concret ne sort. Lorsque enfin des d\u00e9cisions fortes \u00e0 la taille du probl\u00e8me sont prises, elles s\u2019av\u00e8rent g\u00e9n\u00e9ralement tardives, longues et co\u00fbteuses. Sous l\u2019effet de la lassitude, des projets d\u2019am\u00e9nagements ponctuels locaux voient le jour, ils peuvent parfois s\u2019av\u00e9rer inop\u00e9rants voire contre-productifs et, le plus souvent, tr\u00e8s chers pour le contribuable (exemple : le dos d&rsquo;\u00e2ne, le projet de d\u00e9viation).<br \/>\nPendant ce temps, les camions passent, les vies s\u2019\u00e9coulent dans un environnement soumis \u00e0 d\u2019absurdes et \u00e9vitables d\u00e9t\u00e9riorations. Dans notre secteur, ce sont 2000 personnes qui s\u2019\u00e9tonnent que plus de 450 camions chaque jour pourrissent leur existence.<\/p>\n<p style=\"text-align: justify;\"><strong>Des solutions imm\u00e9diates et \u00e0 terme.<\/strong><\/p>\n<p style=\"text-align: justify;\">Les solutions existent et sont connues depuis longtemps. D\u2019autres villages, gr\u00e2ce \u00e0 de simples d\u00e9tournements du trafic, sans co\u00fbt significatif et sans impact sur l\u2019\u00e9conomie du d\u00e9partement, ont su r\u00e9soudre leur probl\u00e8me.<\/p>\n<p style=\"text-align: justify;\">Ce peut \u00eatre le cas chez nous et c\u2019est le type de dispositif \u00e0 tr\u00e8s faible investissement que nous souhaitons voir appliquer \u00e0 notre commune. Bien que non requis, un contournement \u00e9vident existe, il s\u2019appuie uniquement sur des axes adapt\u00e9s au trafic P.L. On pourrait croire qu&rsquo;il engendre un allongement moyen de (trajet futur : 25,6Km \u00e0 65 km\/h de moyenne) \u2013 (trajet actuel : 16,8Km \u00e0 50 km\/h de moyenne ) = 8,8Km soit moins de 4mn (et moins encore avec la prochaine limitation de vitesse \u00e0 80Km\/h sur les routes \u00e0 2 voies). En fait, il sera en moyenne beaucoup plus faible puisque les camions ne viennent ni ne se dirigent exclusivement vers les points d\u2019acc\u00e8s\/sortie du tron\u00e7on \u00e0 prot\u00e9ger. D\u00e8s lors d\u2019autres trajets mieux adapt\u00e9s deviennent plus attractifs.<\/p>\n<table style=\"width: 813px;\">\n<tbody>\n<tr>\n<td style=\"width: 392px; text-align: center;\"><a href=\"https:\/\/i0.wp.com\/sdm-lesmesnuls.fr\/wp-content\/uploads\/TrajetActuel.png?ssl=1\"><img decoding=\"async\" class=\"aligncenter\" src=\"https:\/\/i0.wp.com\/sdm-lesmesnuls.fr\/wp-content\/uploads\/TrajetActuel.png?resize=300%2C225&#038;ssl=1\" data-recalc-dims=\"1\" \/>Trajet actuel (+\/- 20 mn)<\/a><\/td>\n<td style=\"width: 433px; text-align: center;\"><a href=\"https:\/\/i0.wp.com\/sdm-lesmesnuls.fr\/wp-content\/uploads\/Contournement.png?ssl=1\"><img decoding=\"async\" class=\"aligncenter\" src=\"https:\/\/i0.wp.com\/sdm-lesmesnuls.fr\/wp-content\/uploads\/Contournement.png?resize=300%2C225&#038;ssl=1\" data-recalc-dims=\"1\" \/>Contournement requis (+\/- 23 mn)<\/a><\/td>\n<\/tr>\n<\/tbody>\n<\/table>\n<p style=\"text-align: justify;\">En travers\u00e9e de village l\u2019intensit\u00e9 du trafic P.L. actuel est inadapt\u00e9e et d\u00e9mesur\u00e9e. En revanche son insertion dans le trafic de nos grands axes, m\u00eame aux heures de pointe et m\u00eame si l\u2019on tient compte de l\u2019effet marginal, ne modifiera pas notablement l\u2019\u00e9coulement moyen. Mieux encore, le GPS, Waze et les autres aides \u00e0 la conduite, qui nous p\u00e9nalisent tant actuellement, participeront favorablement \u00e0 la r\u00e9partition rationnelle du trafic dans les plages horaires et sur l\u2019espace routier.<\/p>\n<p style=\"text-align: justify;\">Ce probl\u00e8me nous affecte tous, les populations concern\u00e9es de Mareil-le-Guyon, de Saint-Hubert, de la Grange du Bois et dans une certaine mesure des Br\u00e9viaires, se sont associ\u00e9es \u00e0 nos d\u00e9marches.<\/p>\n<p style=\"text-align: center;\"><em>Tous les jours, tous les jours, tous les jours,&#8230;<\/em><\/p>\n<div id=\"metaslider-id-1211\" style=\"max-width: 600px; margin: 0 auto;\" class=\"ml-slider-3-35-0 metaslider metaslider-flex metaslider-1211 ml-slider ms-theme-default\" role=\"region\" aria-roledescription=\"Slideshow\" aria-label=\"Slideshow\">\n    <div id=\"metaslider_container_1211\">\n        <div id=\"metaslider_1211\">\n            <ul aria-live=\"polite\" class=\"slides\">\n                <li style=\"display: block; width: 100%;\" class=\"slide-1248 ms-image\" aria-roledescription=\"slide\" aria-label=\"slide-1248\"><img loading=\"lazy\" decoding=\"async\" src=\"https:\/\/i0.wp.com\/sdm-lesmesnuls.fr\/wp-content\/uploads\/Les-Mesnuls_Camions_55.jpg?resize=600%2C383&#038;ssl=1\" height=\"383\" width=\"600\" alt=\"\" class=\"slider-1211 slide-1248\" title=\"Les Mesnuls_Camions_55\" data-recalc-dims=\"1\" \/><\/li>\n                <li style=\"display: none; width: 100%;\" class=\"slide-1247 ms-image\" aria-roledescription=\"slide\" aria-label=\"slide-1247\"><img loading=\"lazy\" decoding=\"async\" src=\"https:\/\/i0.wp.com\/sdm-lesmesnuls.fr\/wp-content\/uploads\/Les-Mesnuls_Camions_39.jpg?resize=600%2C383&#038;ssl=1\" height=\"383\" width=\"600\" alt=\"\" class=\"slider-1211 slide-1247\" title=\"Les Mesnuls_Camions_39\" data-recalc-dims=\"1\" \/><\/li>\n                <li style=\"display: none; width: 100%;\" class=\"slide-1246 ms-image\" aria-roledescription=\"slide\" aria-label=\"slide-1246\"><img loading=\"lazy\" decoding=\"async\" src=\"https:\/\/i0.wp.com\/sdm-lesmesnuls.fr\/wp-content\/uploads\/Les-Mesnuls_Camions_38.jpg?resize=600%2C383&#038;ssl=1\" height=\"383\" width=\"600\" alt=\"\" class=\"slider-1211 slide-1246\" title=\"Les Mesnuls_Camions_38\" data-recalc-dims=\"1\" \/><\/li>\n                <li style=\"display: none; width: 100%;\" class=\"slide-1242 ms-image\" aria-roledescription=\"slide\" aria-label=\"slide-1242\"><img loading=\"lazy\" decoding=\"async\" src=\"https:\/\/i0.wp.com\/sdm-lesmesnuls.fr\/wp-content\/uploads\/Les-Mesnuls_Camions_116.jpg?resize=600%2C383&#038;ssl=1\" height=\"383\" width=\"600\" alt=\"\" class=\"slider-1211 slide-1242\" title=\"Les Mesnuls_Camions_116\" data-recalc-dims=\"1\" \/><\/li>\n                <li style=\"display: none; width: 100%;\" class=\"slide-1245 ms-image\" aria-roledescription=\"slide\" aria-label=\"slide-1245\"><img loading=\"lazy\" decoding=\"async\" src=\"https:\/\/i0.wp.com\/sdm-lesmesnuls.fr\/wp-content\/uploads\/Les-Mesnuls_Camions_125.jpg?resize=600%2C383&#038;ssl=1\" height=\"383\" width=\"600\" alt=\"\" class=\"slider-1211 slide-1245\" title=\"Les Mesnuls_Camions_125\" data-recalc-dims=\"1\" \/><\/li>\n                <li style=\"display: none; width: 100%;\" class=\"slide-1220 ms-image\" aria-roledescription=\"slide\" aria-label=\"slide-1220\"><img loading=\"lazy\" decoding=\"async\" src=\"https:\/\/i0.wp.com\/sdm-lesmesnuls.fr\/wp-content\/uploads\/Les-Mesnuls_Camions_61.jpg?resize=600%2C383&#038;ssl=1\" height=\"383\" width=\"600\" alt=\"\" class=\"slider-1211 slide-1220\" title=\"Les Mesnuls_Camions_61\" data-recalc-dims=\"1\" \/><\/li>\n                <li style=\"display: none; width: 100%;\" class=\"slide-1227 ms-image\" aria-roledescription=\"slide\" aria-label=\"slide-1227\"><img loading=\"lazy\" decoding=\"async\" src=\"https:\/\/i0.wp.com\/sdm-lesmesnuls.fr\/wp-content\/uploads\/Les-Mesnuls_Camions_21.jpg?resize=600%2C383&#038;ssl=1\" height=\"383\" width=\"600\" alt=\"\" class=\"slider-1211 slide-1227\" title=\"Les Mesnuls_Camions_21\" data-recalc-dims=\"1\" \/><\/li>\n                <li style=\"display: none; width: 100%;\" class=\"slide-1224 ms-image\" aria-roledescription=\"slide\" aria-label=\"slide-1224\"><img loading=\"lazy\" decoding=\"async\" src=\"https:\/\/i0.wp.com\/sdm-lesmesnuls.fr\/wp-content\/uploads\/Convoi.jpg?resize=600%2C383&#038;ssl=1\" height=\"383\" width=\"600\" alt=\"\" class=\"slider-1211 slide-1224\" title=\"Convoi\" data-recalc-dims=\"1\" \/><\/li>\n                <li style=\"display: none; width: 100%;\" class=\"slide-1214 ms-image\" aria-roledescription=\"slide\" aria-label=\"slide-1214\"><img loading=\"lazy\" decoding=\"async\" src=\"https:\/\/i0.wp.com\/sdm-lesmesnuls.fr\/wp-content\/uploads\/Les-Mesnuls_Camions_124.jpg?resize=600%2C383&#038;ssl=1\" height=\"383\" width=\"600\" alt=\"\" class=\"slider-1211 slide-1214\" title=\"Les Mesnuls_Camions_124\" data-recalc-dims=\"1\" \/><\/li>\n                <li style=\"display: none; width: 100%;\" class=\"slide-1223 ms-image\" aria-roledescription=\"slide\" aria-label=\"slide-1223\"><img loading=\"lazy\" decoding=\"async\" src=\"https:\/\/i0.wp.com\/sdm-lesmesnuls.fr\/wp-content\/uploads\/Les-Mesnuls_Camions_40.jpg?resize=600%2C383&#038;ssl=1\" height=\"383\" width=\"600\" alt=\"\" class=\"slider-1211 slide-1223\" title=\"Les Mesnuls_Camions_40\" data-recalc-dims=\"1\" \/><\/li>\n                <li style=\"display: none; width: 100%;\" class=\"slide-1222 ms-image\" aria-roledescription=\"slide\" aria-label=\"slide-1222\"><img loading=\"lazy\" decoding=\"async\" src=\"https:\/\/i0.wp.com\/sdm-lesmesnuls.fr\/wp-content\/uploads\/Les-Mesnuls_Camions_42.jpg?resize=600%2C383&#038;ssl=1\" height=\"383\" width=\"600\" alt=\"\" class=\"slider-1211 slide-1222\" title=\"Les Mesnuls_Camions_42\" data-recalc-dims=\"1\" \/><\/li>\n                <li style=\"display: none; width: 100%;\" class=\"slide-1225 ms-image\" aria-roledescription=\"slide\" aria-label=\"slide-1225\"><img loading=\"lazy\" decoding=\"async\" src=\"https:\/\/i0.wp.com\/sdm-lesmesnuls.fr\/wp-content\/uploads\/Les-Mesnuls_Camions_07.jpg?resize=600%2C383&#038;ssl=1\" height=\"383\" width=\"600\" alt=\"\" class=\"slider-1211 slide-1225\" title=\"Les Mesnuls_Camions_07\" data-recalc-dims=\"1\" \/><\/li>\n                <li style=\"display: none; width: 100%;\" class=\"slide-1218 ms-image\" aria-roledescription=\"slide\" aria-label=\"slide-1218\"><img loading=\"lazy\" decoding=\"async\" src=\"https:\/\/i0.wp.com\/sdm-lesmesnuls.fr\/wp-content\/uploads\/Les-Mesnuls_Camions_79.jpg?resize=600%2C383&#038;ssl=1\" height=\"383\" width=\"600\" alt=\"\" class=\"slider-1211 slide-1218\" title=\"Les Mesnuls_Camions_79\" data-recalc-dims=\"1\" \/><\/li>\n                <li style=\"display: none; width: 100%;\" class=\"slide-1217 ms-image\" aria-roledescription=\"slide\" aria-label=\"slide-1217\"><img loading=\"lazy\" decoding=\"async\" src=\"https:\/\/i0.wp.com\/sdm-lesmesnuls.fr\/wp-content\/uploads\/Les-Mesnuls_Camions_80.jpg?resize=600%2C383&#038;ssl=1\" height=\"383\" width=\"600\" alt=\"\" class=\"slider-1211 slide-1217\" title=\"Les Mesnuls_Camions_80\" data-recalc-dims=\"1\" \/><\/li>\n                <li style=\"display: none; width: 100%;\" class=\"slide-1244 ms-image\" aria-roledescription=\"slide\" aria-label=\"slide-1244\"><img loading=\"lazy\" decoding=\"async\" src=\"https:\/\/i0.wp.com\/sdm-lesmesnuls.fr\/wp-content\/uploads\/Les-Mesnuls_Camions_50.jpg?resize=600%2C383&#038;ssl=1\" height=\"383\" width=\"600\" alt=\"\" class=\"slider-1211 slide-1244\" title=\"Les Mesnuls_Camions_50\" data-recalc-dims=\"1\" \/><\/li>\n                <li style=\"display: none; width: 100%;\" class=\"slide-1219 ms-image\" aria-roledescription=\"slide\" aria-label=\"slide-1219\"><img loading=\"lazy\" decoding=\"async\" src=\"https:\/\/i0.wp.com\/sdm-lesmesnuls.fr\/wp-content\/uploads\/Les-Mesnuls_Camions_62.jpg?resize=600%2C383&#038;ssl=1\" height=\"383\" width=\"600\" alt=\"\" class=\"slider-1211 slide-1219\" title=\"Les Mesnuls_Camions_62\" data-recalc-dims=\"1\" \/><\/li>\n                <li style=\"display: none; width: 100%;\" class=\"slide-1243 ms-image\" aria-roledescription=\"slide\" aria-label=\"slide-1243\"><img loading=\"lazy\" decoding=\"async\" src=\"https:\/\/i0.wp.com\/sdm-lesmesnuls.fr\/wp-content\/uploads\/Les-Mesnuls_Camions_47.jpg?resize=600%2C383&#038;ssl=1\" height=\"383\" width=\"600\" alt=\"\" class=\"slider-1211 slide-1243\" title=\"Les Mesnuls_Camions_47\" data-recalc-dims=\"1\" \/><\/li>\n                <li style=\"display: none; width: 100%;\" class=\"slide-1226 ms-image\" aria-roledescription=\"slide\" aria-label=\"slide-1226\"><img loading=\"lazy\" decoding=\"async\" src=\"https:\/\/i0.wp.com\/sdm-lesmesnuls.fr\/wp-content\/uploads\/Les-Mesnuls_Camions_19.jpg?resize=600%2C383&#038;ssl=1\" height=\"383\" width=\"600\" alt=\"\" class=\"slider-1211 slide-1226\" title=\"Les Mesnuls_Camions_19\" data-recalc-dims=\"1\" \/><\/li>\n                <li style=\"display: none; width: 100%;\" class=\"slide-1216 ms-image\" aria-roledescription=\"slide\" aria-label=\"slide-1216\"><img loading=\"lazy\" decoding=\"async\" src=\"https:\/\/i0.wp.com\/sdm-lesmesnuls.fr\/wp-content\/uploads\/Les-Mesnuls_Camions_121.jpg?resize=600%2C383&#038;ssl=1\" height=\"383\" width=\"600\" alt=\"\" class=\"slider-1211 slide-1216\" title=\"Les Mesnuls_Camions_121\" data-recalc-dims=\"1\" \/><\/li>\n                <li style=\"display: none; width: 100%;\" class=\"slide-1228 ms-image\" aria-roledescription=\"slide\" aria-label=\"slide-1228\"><img loading=\"lazy\" decoding=\"async\" src=\"https:\/\/i0.wp.com\/sdm-lesmesnuls.fr\/wp-content\/uploads\/Les-Mesnuls_Camions_23.jpg?resize=600%2C383&#038;ssl=1\" height=\"383\" width=\"600\" alt=\"\" class=\"slider-1211 slide-1228\" title=\"Les Mesnuls_Camions_23\" data-recalc-dims=\"1\" \/><\/li>\n                <li style=\"display: none; width: 100%;\" class=\"slide-1215 ms-image\" aria-roledescription=\"slide\" aria-label=\"slide-1215\"><img loading=\"lazy\" decoding=\"async\" src=\"https:\/\/i0.wp.com\/sdm-lesmesnuls.fr\/wp-content\/uploads\/Les-Mesnuls_Camions_123.jpg?resize=600%2C383&#038;ssl=1\" height=\"383\" width=\"600\" alt=\"\" class=\"slider-1211 slide-1215\" title=\"Les Mesnuls_Camions_123\" data-recalc-dims=\"1\" \/><\/li>\n                <li style=\"display: none; width: 100%;\" class=\"slide-1213 ms-image\" aria-roledescription=\"slide\" aria-label=\"slide-1213\"><img loading=\"lazy\" decoding=\"async\" src=\"https:\/\/i0.wp.com\/sdm-lesmesnuls.fr\/wp-content\/uploads\/Les-Mesnuls_Camions_126.jpg?resize=600%2C383&#038;ssl=1\" height=\"383\" width=\"600\" alt=\"\" class=\"slider-1211 slide-1213\" title=\"Les Mesnuls_Camions_126\" data-recalc-dims=\"1\" \/><\/li>\n                <li style=\"display: none; width: 100%;\" class=\"slide-1229 ms-image\" aria-roledescription=\"slide\" aria-label=\"slide-1229\"><img loading=\"lazy\" decoding=\"async\" src=\"https:\/\/i0.wp.com\/sdm-lesmesnuls.fr\/wp-content\/uploads\/Les-Mesnuls_Camions.jpg?resize=600%2C383&#038;ssl=1\" height=\"383\" width=\"600\" alt=\"\" class=\"slider-1211 slide-1229\" title=\"Les Mesnuls_Camions\" data-recalc-dims=\"1\" \/><\/li>\n            <\/ul>\n        <\/div>\n        \n    <\/div>\n<\/div>\n<hr \/>\n<h3 style=\"text-align: center;\"><strong>CE QU&rsquo;IL NOUS FAUT RETENIR<\/strong><\/h3>\n<p style=\"text-align: justify;\"><strong>Historique &#8211; Bient\u00f4t 10 ans d&rsquo;attente<\/strong><\/p>\n<p style=\"text-align: justify;\">Les d\u00e9marches ant\u00e9rieures \u00e0 2009 existent mais ne sont pas \u00e9voqu\u00e9es ici par souci de simplification, 2009 \u00e9tant l&rsquo;ann\u00e9e o\u00f9 il devenait possible d&rsquo;agir.<\/p>\n<p style=\"text-align: justify; padding-left: 60px;\">2009 \u2013 La RD191 n&rsquo;est plus route \u00e0 grande circulation.<br \/>\n2010 \u2013 R\u00e9union d\u2019information sur le trafic.<br \/>\n2011 \u2013 R\u00e9union d\u2019information sur le trafic.<br \/>\n2012 \u2013 Commission travaux s\u00e9curit\u00e9 &#8211; R\u00e9union(s) sur le trafic.<br \/>\n2013 \u2013 Commission travaux s\u00e9curit\u00e9 &#8211; R\u00e9union sur l\u2019am\u00e9nagement.<br \/>\n2015 \u2013 Annonce de la d\u00e9viation. Groupes de travail incluant 3 mesnulois s\u00e9lectionn\u00e9s.<br \/>\n2016 \u2013 Promesse d&rsquo;un arr\u00eat\u00e9 partiel.<br \/>\n2017 \u2013 Promesse d&rsquo;un arr\u00eat\u00e9 partiel<br \/>\n2018 \u2013 &#8230;.<\/p>\n<p style=\"text-align: justify;\"><strong>R\u00e8glements, d\u00e9cision et responsabilit\u00e9s<\/strong><\/p>\n<p style=\"text-align: justify;\">Le code de la route (CR) et le code g\u00e9n\u00e9ral des collectivit\u00e9s territoriales (CGCT) encadrent les lois et r\u00e8glements applicables aux routes, \u00e0 leur utilisation et aux responsabilit\u00e9s s&rsquo;y rattachant. Des d\u00e9crets en Conseil d\u2019\u00c9tat pr\u00e9cisent les conditions d&rsquo;application de leurs articles.<\/p>\n<p style=\"text-align: justify;\">&#8211; L&rsquo;<a href=\"https:\/\/www.legifrance.gouv.fr\/affichCodeArticle.do?cidTexte=LEGITEXT000006074228&amp;idArticle=LEGIARTI000006840867\">article L110-3 du CR<\/a> d\u00e9finit la qualit\u00e9 de \u00ab\u00a0route \u00e0 grande circulation\u00a0\u00bb et ses contraintes. Un d\u00e9cret en Conseil d\u2019\u00c9tat d\u00e9termine les conditions d&rsquo;application de cet article,<br \/>\n&#8211; Le <a href=\"https:\/\/www.legifrance.gouv.fr\/affichTexte.do?cidTexte=JORFTEXT000020692049&amp;categorieLien=id\">d\u00e9cret n\u00b0 2009-615 du 3 juin 2009<\/a> exclut la RD 191 de l&rsquo;article L110-3 (la RD 191 n&rsquo;est plus route \u00e0 grande circulation).<br \/>\n&#8211; En vertu de l&rsquo;<a href=\"https:\/\/www.legifrance.gouv.fr\/affichCodeArticle.do?cidTexte=LEGITEXT000006074228&amp;idArticle=LEGIARTI000028534324&amp;dateTexte=&amp;categorieLien=id\">article L411-1 du CR<\/a> le pouvoir de police de la circulation revient au maire.<br \/>\n&#8211; L&rsquo;article L3221-4 du CR subordonne les pouvoirs du conseil d\u00e9partemental aux attributions d\u00e9volues aux maires (et au repr\u00e9sentant de l\u2019\u00c9tat dans certaines conditions &#8211; article L3221-5).<br \/>\n&#8211; L&rsquo;<a href=\"https:\/\/www.legifrance.gouv.fr\/affichCode.do?idArticle=LEGIARTI000028538342&amp;idSectionTA=LEGISCTA000006180977&amp;cidTexte=LEGITEXT000006070633&amp;dateTexte=20180518\">article L2213-1<\/a> et suivants du CGCT pr\u00e9cise que le maire a autorit\u00e9 sur les routes \u00e0 l&rsquo;int\u00e9rieur et, sous conditions, \u00e0 l&rsquo;ext\u00e9rieur des agglom\u00e9rations.<br \/>\n&#8211; En cas de contestation de l&rsquo;arr\u00eat\u00e9 municipal, seul le juge administratif est comp\u00e9tent, pour appr\u00e9cier la l\u00e9galit\u00e9 des mesures prises par le maire dans le cadre de ses pouvoirs de police.<\/p>\n<p style=\"text-align: justify;\">Les juges ont consid\u00e9r\u00e9 qu\u2019un maire avait le droit de contraindre les poids lourds \u00e0 contourner la commune, la d\u00e9cision \u00e9tait motiv\u00e9e non seulement par la s\u00e9curit\u00e9 et la tranquillit\u00e9 des riverains, mais aussi par la n\u00e9cessit\u00e9 de prot\u00e9ger les immeubles, secou\u00e9s par de fortes vibrations au passage des camions (<a href=\"https:\/\/www.legifrance.gouv.fr\/affichJuriAdmin.do;jsessionid=3959A6845C29B3F7CDBE59D57643EC6D.tpdila08v_2?oldAction=rechJuriAdmin&amp;idTexte=CETATEXT000007972662&amp;fastReqId=1763311989&amp;fastPos=1\">CE du 18.6.97, n\u00b0\u202f171084<\/a>)<\/p>\n<p style=\"text-align: justify;\">Le code de la sant\u00e9 publique et le code de l&rsquo;environnement apportent autant de raisons de promulguer l&rsquo;arr\u00eat\u00e9 demand\u00e9.<\/p>\n<p style=\"text-align: justify;\">Enfin, la responsabilit\u00e9 de la commune peut \u00eatre retenue en cas de faute ou de n\u00e9gligence.<\/p>\n<p style=\"text-align: justify;\"><strong>Les actions d\u00e9j\u00e0 men\u00e9es.<\/strong><\/p>\n<p style=\"text-align: justify;\">Il serait injuste de dire que rien n&rsquo;a \u00e9t\u00e9 fait sur le sujet par notre commune, 4 ateliers paritaires (3 \u00e9lus et 3 habitants) ont \u00e9t\u00e9 r\u00e9unis fin 2015, une r\u00e9union a \u00e9t\u00e9 organis\u00e9e par la pr\u00e9fecture, un cabinet d\u2019avocat a \u00e9t\u00e9 consult\u00e9 (ses conclusions sont \u00e9loquentes), contact a \u00e9t\u00e9 pris avec deux communes limitrophes, un projet d\u2019arr\u00eat\u00e9 municipal a \u00e9t\u00e9 soumis au Conseil D\u00e9partemental et \u00e0 la Pr\u00e9fecture pour approbation courant 2016 et deux articles sont parus dans la presse locale. Esp\u00e9rons que ces actions portent leurs fruits en 2018.<\/p>\n<p style=\"text-align: justify;\">Les associations, quant \u00e0 elles, ne disposent, h\u00e9las, ni d\u2019autorit\u00e9 l\u00e9gale ni de moyens logistiques ou financiers. Malgr\u00e9 tout, du fait de leurs pr\u00e9rogatives morales, elles s\u2019efforcent de sensibiliser les acteurs d\u00e9cisionnels, mairies, pr\u00e9fecture et d\u00e9partement, aux troubles subits par les populations. Leur implication et leurs actions, plus ou moins bien per\u00e7ues, ne doivent pas \u00eatre seulement utilis\u00e9es comme alibi d\u00e9mocratique, mais sont essentielles \u00e0 la bonne progression des projets. C\u2019est pourquoi depuis des ann\u00e9es elles ont particip\u00e9 \u00e0 la constitution du dossier, organisent des r\u00e9unions d\u2019information, s\u2019adressent aux institutionnels, participent \u00e0 et suscitent des <a href=\"https:\/\/sdm-lesmesnuls.fr\/?attachment_id=1158\">\u00e9v\u00e9nements<\/a> et bien s\u00fbr vous informent. Enfin, Il est regrettable que la r\u00e9union d\u2019information demand\u00e9e formellement \u00e0 nos maires par les associations n&rsquo;ait jamais eu lieu.<\/p>\n<p style=\"text-align: justify;\"><strong>Limiter la vitesse.<\/strong><\/p>\n<p style=\"text-align: justify;\">Il n&rsquo;y a gu\u00e8re de d\u00e9bat sur la n\u00e9cessit\u00e9 de limiter la vitesse dans la travers\u00e9e du village. La m\u00e9thode a, elle, \u00e9t\u00e9 discut\u00e9e lors des ateliers, il en est ressorti deux propositions principales_:<\/p>\n<p style=\"padding-left: 60px; text-align: justify;\">\u2022 le contr\u00f4le de vitesse automatis\u00e9 par <a href=\"http:\/\/www.radars-troncons.fr\/\">radar tron\u00e7on<\/a> ou <a href=\"http:\/\/www.radars-auto.com\/info-radars\/radars-double-face\/\">double flux<\/a>,<br \/>\n\u2022 la mise en place de chicanes florales ou d\u00e9coratives.<\/p>\n<p><a href=\"https:\/\/sdm-lesmesnuls.fr\/?attachment_id=1160#main\"><img loading=\"lazy\" decoding=\"async\" data-attachment-id=\"1160\" data-permalink=\"https:\/\/sdm-lesmesnuls.fr\/?attachment_id=1160#main\" data-orig-file=\"https:\/\/i0.wp.com\/sdm-lesmesnuls.fr\/wp-content\/uploads\/RadarMesnuls.jpg?fit=427%2C812&amp;ssl=1\" data-orig-size=\"427,812\" data-comments-opened=\"1\" data-image-meta=\"{&quot;aperture&quot;:&quot;0&quot;,&quot;credit&quot;:&quot;&quot;,&quot;camera&quot;:&quot;RAINBOW LITE 4G&quot;,&quot;caption&quot;:&quot;&quot;,&quot;created_timestamp&quot;:&quot;1525279484&quot;,&quot;copyright&quot;:&quot;&quot;,&quot;focal_length&quot;:&quot;3.16&quot;,&quot;iso&quot;:&quot;100&quot;,&quot;shutter_speed&quot;:&quot;0.0029585798816568&quot;,&quot;title&quot;:&quot;&quot;,&quot;orientation&quot;:&quot;0&quot;}\" data-image-title=\"RadarMesnuls\" data-image-description=\"\" data-image-caption=\"\" data-medium-file=\"https:\/\/i0.wp.com\/sdm-lesmesnuls.fr\/wp-content\/uploads\/RadarMesnuls.jpg?fit=158%2C300&amp;ssl=1\" data-large-file=\"https:\/\/i0.wp.com\/sdm-lesmesnuls.fr\/wp-content\/uploads\/RadarMesnuls.jpg?fit=427%2C812&amp;ssl=1\" tabindex=\"0\" role=\"button\" class=\" wp-image-1160 alignright\" src=\"https:\/\/i0.wp.com\/sdm-lesmesnuls.fr\/wp-content\/uploads\/RadarMesnuls.jpg?resize=57%2C108&#038;ssl=1\" alt=\"\" width=\"57\" height=\"108\" srcset=\"https:\/\/i0.wp.com\/sdm-lesmesnuls.fr\/wp-content\/uploads\/RadarMesnuls.jpg?resize=158%2C300&amp;ssl=1 158w, https:\/\/i0.wp.com\/sdm-lesmesnuls.fr\/wp-content\/uploads\/RadarMesnuls.jpg?w=427&amp;ssl=1 427w\" sizes=\"(max-width: 57px) 100vw, 57px\" data-recalc-dims=\"1\" \/><\/a><\/p>\n<p style=\"text-align: justify;\">Bien qu\u2019il soit le plus adapt\u00e9 \u00e0 notre configuration, puisqu\u2019il \u00e9pargne les r\u00e9sidents mais est implacable avec les plus irrespectueux, la mise en place d&rsquo;un radar tron\u00e7on, toujours en recherche de maturit\u00e9 tant sur le plan technique qu\u2019\u00e9conomique, semble difficile \u00e0 obtenir dans un avenir proche.<br \/>\nNos peu dissuasifs radars p\u00e9dagogiques ne verbalisent pas mais tiennent des statistiques notamment en mati\u00e8re de vitesse maxi, il serait int\u00e9ressant que ces donn\u00e9es soient partag\u00e9es publiquement .<\/p>\n<p style=\"text-align: justify;\">En revanche, rien ne s\u2019oppose \u00e0 la mise en place de chicanes exp\u00e9rimentales, florales de pr\u00e9f\u00e9rence. Contrairement au <a href=\"https:\/\/sdm-lesmesnuls.fr\/wp-content\/uploads\/Article_ER_RD191.jpg\">dos d&rsquo;\u00e2ne, inappropri\u00e9<\/a> pour un flux aussi important que celui de la RD191, qu&rsquo;ils soient en c<a href=\"http:\/\/www.securite-routiere-plus.com\/pages\/les-ecluses-en-voirie.html\">hicane, en cr\u00e9neau, en \u00e9cluse ou autre<\/a>, de tels am\u00e9nagements, s&rsquo;ils sont bien men\u00e9s, pourront \u00e9gayer \u00e0 bon compte notre centre village et pourquoi pas favoriser un d\u00e9pose-minute devant nos commerces. Ils appellent toutefois \u00e0 la prudence et sans doute serons-nous amen\u00e9s \u00e0 accepter la pr\u00e9sence de c\u00f4nes ou de glissi\u00e8res temporaires pendant quelques temps.<\/p>\n<p style=\"text-align: justify;\">Nul doute que les associations et les mesnulois apporteront un franc soutien et leur aide \u00e0 un projet de cette nature.<\/p>\n<p style=\"text-align: justify;\">Grosrouvre, le Tremblay-sur-Mauldre, Mareil-le-Guyon et bien d&rsquo;autres communes des environs ont su mettre \u00e0 profit ce type de dispositifs, il nous appartient en tant qu&rsquo;automobilistes d&rsquo;appr\u00e9cier les justes raisons de leur mise place.<\/p>\n<p><strong>L&rsquo;interaction de l&rsquo;arr\u00eat\u00e9<\/strong><\/p>\n<p style=\"text-align: justify;\">La RD191 conna\u00eet d\u00e9j\u00e0 sur son cours plusieurs restrictions de circulation dans sa section allant d\u2019Ep\u00f4ne au Pontel, \u00e0 partir d\u2019o\u00f9 il n\u2019est pas incorrect d\u2019avancer que son trafic se divise par deux et que la partie allant de<span style=\"text-align: justify;\">\u00a0Mareil-le-Guyon aux Essarts-le-Roi n\u2019est plus qu\u2019un raccourci\u00a0<\/span><span style=\"text-align: justify;\">permettant de rejoindre la N10 un peu plus rapidement. En clair, peu nombreux sont les v\u00e9hicules qui empruntent ce secteur pour participer \u00e0 son essor. Ce constat se confirme dans le Sch\u00e9ma des D\u00e9placements des Yvelines (SDY 2020). En fait le trafic interne au d\u00e9partement passant par notre bassin est de l\u2019ordre de 2% de celui du d\u00e9partement, \u00e0 cet \u00e9gard les restrictions de circulation ne sont pas significatives et n&rsquo;ont <\/span><span style=\"text-align: justify;\">quasiment pas d\u2019incidence \u00e9conomique pour les Yvelines et encore moins localement.\u00a0<\/span><\/p>\n<table class=\" aligncenter\" style=\"width: 813px;\">\n<tbody>\n<tr>\n<td style=\"width: 392px; text-align: center;\"><a href=\"https:\/\/i0.wp.com\/sdm-lesmesnuls.fr\/wp-content\/uploads\/RDMareilsurMauldre.png?ssl=1\"><img loading=\"lazy\" decoding=\"async\" data-attachment-id=\"1163\" data-permalink=\"https:\/\/sdm-lesmesnuls.fr\/?attachment_id=1163#main\" data-orig-file=\"https:\/\/i0.wp.com\/sdm-lesmesnuls.fr\/wp-content\/uploads\/RDMareilsurMauldre.png?fit=438%2C368&amp;ssl=1\" data-orig-size=\"438,368\" data-comments-opened=\"1\" data-image-meta=\"{&quot;aperture&quot;:&quot;0&quot;,&quot;credit&quot;:&quot;&quot;,&quot;camera&quot;:&quot;&quot;,&quot;caption&quot;:&quot;&quot;,&quot;created_timestamp&quot;:&quot;0&quot;,&quot;copyright&quot;:&quot;&quot;,&quot;focal_length&quot;:&quot;0&quot;,&quot;iso&quot;:&quot;0&quot;,&quot;shutter_speed&quot;:&quot;0&quot;,&quot;title&quot;:&quot;&quot;,&quot;orientation&quot;:&quot;0&quot;}\" data-image-title=\"RDMareilsurMauldre\" data-image-description=\"\" data-image-caption=\"\" data-medium-file=\"https:\/\/i0.wp.com\/sdm-lesmesnuls.fr\/wp-content\/uploads\/RDMareilsurMauldre.png?fit=300%2C252&amp;ssl=1\" data-large-file=\"https:\/\/i0.wp.com\/sdm-lesmesnuls.fr\/wp-content\/uploads\/RDMareilsurMauldre.png?fit=438%2C368&amp;ssl=1\" tabindex=\"0\" role=\"button\" class=\"size-medium wp-image-1163 aligncenter\" src=\"https:\/\/i0.wp.com\/sdm-lesmesnuls.fr\/wp-content\/uploads\/RDMareilsurMauldre.png?resize=300%2C252&#038;ssl=1\" alt=\"\" width=\"300\" height=\"252\" srcset=\"https:\/\/i0.wp.com\/sdm-lesmesnuls.fr\/wp-content\/uploads\/RDMareilsurMauldre.png?resize=300%2C252&amp;ssl=1 300w, https:\/\/i0.wp.com\/sdm-lesmesnuls.fr\/wp-content\/uploads\/RDMareilsurMauldre.png?w=438&amp;ssl=1 438w\" sizes=\"(max-width: 300px) 100vw, 300px\" data-recalc-dims=\"1\" \/><\/a><\/td>\n<td style=\"width: 433px; text-align: center;\"><a href=\"https:\/\/i0.wp.com\/sdm-lesmesnuls.fr\/wp-content\/uploads\/DeplacementYvelines.png?ssl=1\"><img loading=\"lazy\" decoding=\"async\" data-attachment-id=\"1164\" data-permalink=\"https:\/\/sdm-lesmesnuls.fr\/?attachment_id=1164#main\" data-orig-file=\"https:\/\/i0.wp.com\/sdm-lesmesnuls.fr\/wp-content\/uploads\/DeplacementYvelines.png?fit=2225%2C2774&amp;ssl=1\" data-orig-size=\"2225,2774\" data-comments-opened=\"1\" data-image-meta=\"{&quot;aperture&quot;:&quot;0&quot;,&quot;credit&quot;:&quot;&quot;,&quot;camera&quot;:&quot;&quot;,&quot;caption&quot;:&quot;&quot;,&quot;created_timestamp&quot;:&quot;0&quot;,&quot;copyright&quot;:&quot;&quot;,&quot;focal_length&quot;:&quot;0&quot;,&quot;iso&quot;:&quot;0&quot;,&quot;shutter_speed&quot;:&quot;0&quot;,&quot;title&quot;:&quot;&quot;,&quot;orientation&quot;:&quot;0&quot;}\" data-image-title=\"DeplacementYvelines\" data-image-description=\"\" data-image-caption=\"\" data-medium-file=\"https:\/\/i0.wp.com\/sdm-lesmesnuls.fr\/wp-content\/uploads\/DeplacementYvelines.png?fit=241%2C300&amp;ssl=1\" data-large-file=\"https:\/\/i0.wp.com\/sdm-lesmesnuls.fr\/wp-content\/uploads\/DeplacementYvelines.png?fit=800%2C998&amp;ssl=1\" tabindex=\"0\" role=\"button\" class=\"wp-image-1164 aligncenter\" src=\"https:\/\/i0.wp.com\/sdm-lesmesnuls.fr\/wp-content\/uploads\/DeplacementYvelines.png?resize=194%2C241&#038;ssl=1\" alt=\"\" width=\"194\" height=\"241\" srcset=\"https:\/\/i0.wp.com\/sdm-lesmesnuls.fr\/wp-content\/uploads\/DeplacementYvelines.png?resize=241%2C300&amp;ssl=1 241w, https:\/\/i0.wp.com\/sdm-lesmesnuls.fr\/wp-content\/uploads\/DeplacementYvelines.png?resize=768%2C957&amp;ssl=1 768w, https:\/\/i0.wp.com\/sdm-lesmesnuls.fr\/wp-content\/uploads\/DeplacementYvelines.png?resize=821%2C1024&amp;ssl=1 821w, https:\/\/i0.wp.com\/sdm-lesmesnuls.fr\/wp-content\/uploads\/DeplacementYvelines.png?w=1600&amp;ssl=1 1600w\" sizes=\"(max-width: 194px) 100vw, 194px\" data-recalc-dims=\"1\" \/><\/a><\/td>\n<\/tr>\n<\/tbody>\n<\/table>\n<p style=\"text-align: justify;\">La restriction du trafic aux Mesnuls, en toute logique, s\u2019imposera aux deux agglom\u00e9rations limitrophes \u00e0 savoir Mareil-le-Guyon et le hameau de Saint-Hubert (et de la Grange du Bois dans une certaine mesure). En 2017, le \u00ab Rassemblement des 3 Communes \u00bb a d\u00e9montr\u00e9 combien nos voisins sont sensibles et partagent les tourments provoqu\u00e9s par les vitesses excessives et la pr\u00e9sence de camions \u00e0 proximit\u00e9 imm\u00e9diate de leur lieu de vie. Nul doute qu\u2019ils accueilleront avec enthousiasme l\u2019arr\u00eat\u00e9 promulgu\u00e9 par Les Mesnuls.<\/p>\n<p><strong>En conclusion<\/strong><\/p>\n<p style=\"text-align: justify;\">Dans la travers\u00e9e de la commune, la RD191 n&rsquo;a pas connu r\u00e9cemment de r\u00e9elles trag\u00e9dies chacun s&rsquo;en r\u00e9jouit, mais ce n&rsquo;est, h\u00e9las, pas le cas partout sur le tron\u00e7on Mareil-le-Guyon\/Les-Essarts-le-Roi. Il serait d\u00e9plac\u00e9 de s&rsquo;abriter derri\u00e8re ce seul pr\u00e9texte pour r\u00e9clamer l&rsquo;arr\u00eat\u00e9 municipal et les am\u00e9nagements, la qualit\u00e9 de vie des riverains a elle seule les justifient&#8230;.<\/p>\n<p style=\"text-align: justify; padding-left: 60px;\"><strong>Des troubles quotidiens,<\/strong><br \/>\n<strong>Pas de r\u00e9elle justification \u00e9conomique,<\/strong><br \/>\n<b>Un environnement\u00a0d\u00e9grad\u00e9 pour tous (pollution &amp; bruit),<\/b><br \/>\n<strong>Une d\u00e9cision \u00e0 port\u00e9e de main<\/strong><\/p>\n<table style=\"width: 827px;\">\n<tbody>\n<tr>\n<td style=\"width: 239px;\"><a href=\"https:\/\/i0.wp.com\/sdm-lesmesnuls.fr\/wp-content\/uploads\/AccidentSarfati.jpg?ssl=1\"><img loading=\"lazy\" decoding=\"async\" data-attachment-id=\"1262\" data-permalink=\"https:\/\/sdm-lesmesnuls.fr\/?attachment_id=1262#main\" data-orig-file=\"https:\/\/i0.wp.com\/sdm-lesmesnuls.fr\/wp-content\/uploads\/AccidentSarfati.jpg?fit=600%2C544&amp;ssl=1\" data-orig-size=\"600,544\" data-comments-opened=\"1\" data-image-meta=\"{&quot;aperture&quot;:&quot;0&quot;,&quot;credit&quot;:&quot;&quot;,&quot;camera&quot;:&quot;SM-G930F&quot;,&quot;caption&quot;:&quot;&quot;,&quot;created_timestamp&quot;:&quot;0&quot;,&quot;copyright&quot;:&quot;&quot;,&quot;focal_length&quot;:&quot;0&quot;,&quot;iso&quot;:&quot;0&quot;,&quot;shutter_speed&quot;:&quot;0&quot;,&quot;title&quot;:&quot;&quot;,&quot;orientation&quot;:&quot;0&quot;}\" data-image-title=\"AccidentSarfati\" data-image-description=\"\" data-image-caption=\"\" data-medium-file=\"https:\/\/i0.wp.com\/sdm-lesmesnuls.fr\/wp-content\/uploads\/AccidentSarfati.jpg?fit=600%2C544&amp;ssl=1\" data-large-file=\"https:\/\/i0.wp.com\/sdm-lesmesnuls.fr\/wp-content\/uploads\/AccidentSarfati.jpg?fit=600%2C544&amp;ssl=1\" tabindex=\"0\" role=\"button\" class=\"alignnone wp-image-1262\" src=\"https:\/\/i0.wp.com\/sdm-lesmesnuls.fr\/wp-content\/uploads\/AccidentSarfati.jpg?resize=228%2C207&#038;ssl=1\" alt=\"\" width=\"228\" height=\"207\" data-recalc-dims=\"1\" \/><\/a><\/td>\n<td style=\"width: 357px;\"><a href=\"https:\/\/i0.wp.com\/sdm-lesmesnuls.fr\/wp-content\/uploads\/Convoi.jpg?ssl=1\"><img loading=\"lazy\" decoding=\"async\" data-attachment-id=\"1168\" data-permalink=\"https:\/\/sdm-lesmesnuls.fr\/?attachment_id=1168#main\" data-orig-file=\"https:\/\/i0.wp.com\/sdm-lesmesnuls.fr\/wp-content\/uploads\/Convoi.jpg?fit=605%2C368&amp;ssl=1\" data-orig-size=\"605,368\" data-comments-opened=\"1\" data-image-meta=\"{&quot;aperture&quot;:&quot;2.4&quot;,&quot;credit&quot;:&quot;&quot;,&quot;camera&quot;:&quot;Lumia 625&quot;,&quot;caption&quot;:&quot;&quot;,&quot;created_timestamp&quot;:&quot;1524752770&quot;,&quot;copyright&quot;:&quot;&quot;,&quot;focal_length&quot;:&quot;0&quot;,&quot;iso&quot;:&quot;100&quot;,&quot;shutter_speed&quot;:&quot;0.000974&quot;,&quot;title&quot;:&quot;&quot;,&quot;orientation&quot;:&quot;0&quot;}\" data-image-title=\"Convoi\" data-image-description=\"\" data-image-caption=\"\" data-medium-file=\"https:\/\/i0.wp.com\/sdm-lesmesnuls.fr\/wp-content\/uploads\/Convoi.jpg?fit=300%2C182&amp;ssl=1\" data-large-file=\"https:\/\/i0.wp.com\/sdm-lesmesnuls.fr\/wp-content\/uploads\/Convoi.jpg?fit=605%2C368&amp;ssl=1\" tabindex=\"0\" role=\"button\" class=\"alignnone wp-image-1168\" src=\"https:\/\/i0.wp.com\/sdm-lesmesnuls.fr\/wp-content\/uploads\/Convoi.jpg?resize=339%2C206&#038;ssl=1\" alt=\"\" width=\"339\" height=\"206\" srcset=\"https:\/\/i0.wp.com\/sdm-lesmesnuls.fr\/wp-content\/uploads\/Convoi.jpg?resize=300%2C182&amp;ssl=1 300w, https:\/\/i0.wp.com\/sdm-lesmesnuls.fr\/wp-content\/uploads\/Convoi.jpg?w=605&amp;ssl=1 605w\" sizes=\"(max-width: 339px) 100vw, 339px\" data-recalc-dims=\"1\" \/><\/a><\/td>\n<td style=\"width: 259px;\"><a href=\"https:\/\/i0.wp.com\/sdm-lesmesnuls.fr\/wp-content\/uploads\/Accidentoulaner.jpg?ssl=1\"><img loading=\"lazy\" decoding=\"async\" data-attachment-id=\"1261\" data-permalink=\"https:\/\/sdm-lesmesnuls.fr\/?attachment_id=1261#main\" data-orig-file=\"https:\/\/i0.wp.com\/sdm-lesmesnuls.fr\/wp-content\/uploads\/Accidentoulaner.jpg?fit=600%2C508&amp;ssl=1\" data-orig-size=\"600,508\" data-comments-opened=\"1\" data-image-meta=\"{&quot;aperture&quot;:&quot;0&quot;,&quot;credit&quot;:&quot;&quot;,&quot;camera&quot;:&quot;Lumia 625&quot;,&quot;caption&quot;:&quot;&quot;,&quot;created_timestamp&quot;:&quot;0&quot;,&quot;copyright&quot;:&quot;&quot;,&quot;focal_length&quot;:&quot;0&quot;,&quot;iso&quot;:&quot;0&quot;,&quot;shutter_speed&quot;:&quot;0&quot;,&quot;title&quot;:&quot;&quot;,&quot;orientation&quot;:&quot;0&quot;}\" data-image-title=\"Accidentoulaner\" data-image-description=\"\" data-image-caption=\"\" data-medium-file=\"https:\/\/i0.wp.com\/sdm-lesmesnuls.fr\/wp-content\/uploads\/Accidentoulaner.jpg?fit=600%2C508&amp;ssl=1\" data-large-file=\"https:\/\/i0.wp.com\/sdm-lesmesnuls.fr\/wp-content\/uploads\/Accidentoulaner.jpg?fit=600%2C508&amp;ssl=1\" tabindex=\"0\" role=\"button\" class=\"alignnone wp-image-1261\" src=\"https:\/\/i0.wp.com\/sdm-lesmesnuls.fr\/wp-content\/uploads\/Accidentoulaner.jpg?resize=256%2C216&#038;ssl=1\" alt=\"\" width=\"256\" height=\"216\" data-recalc-dims=\"1\" \/><\/a><\/td>\n<\/tr>\n<\/tbody>\n<\/table>\n<p>&nbsp;<\/p>\n<hr \/>\n<p style=\"text-align: justify;\">\n","protected":false},"excerpt":{"rendered":"<p>La travers\u00e9e des villages par les poids-lourds est un probl\u00e8me r\u00e9current qui touche de trop nombreux villages. Particuli\u00e8rement en \u00cele-de-France, une simple revue de presse montre combien les populations concern\u00e9es de notre bassin de vie sont exasp\u00e9r\u00e9es. Tr\u00e8s souvent le <a class=\"more-link\" href=\"https:\/\/sdm-lesmesnuls.fr\/?p=1149\">&#8230;.. LIRE LA SUITE \u2192<\/a><\/p>\n","protected":false},"author":1,"featured_media":1255,"comment_status":"open","ping_status":"open","sticky":false,"template":"","format":"standard","meta":{"jetpack_post_was_ever_published":false,"_jetpack_newsletter_access":"","_jetpack_dont_email_post_to_subs":false,"_jetpack_newsletter_tier_id":0,"_jetpack_memberships_contains_paywalled_content":false,"footnotes":"","_jetpack_memberships_contains_paid_content":false,"jetpack_publicize_message":"","jetpack_publicize_feature_enabled":true,"jetpack_social_post_already_shared":true,"jetpack_social_options":{"image_generator_settings":{"template":"highway","enabled":false},"version":2}},"categories":[37,38],"tags":[17],"jetpack_publicize_connections":[],"jetpack_featured_media_url":"https:\/\/i0.wp.com\/sdm-lesmesnuls.fr\/wp-content\/uploads\/RD191Titre2.png?fit=619%2C77&ssl=1","jetpack_sharing_enabled":true,"jetpack_shortlink":"https:\/\/wp.me\/p71w7n-ix","jetpack-related-posts":[],"_links":{"self":[{"href":"https:\/\/sdm-lesmesnuls.fr\/index.php?rest_route=\/wp\/v2\/posts\/1149"}],"collection":[{"href":"https:\/\/sdm-lesmesnuls.fr\/index.php?rest_route=\/wp\/v2\/posts"}],"about":[{"href":"https:\/\/sdm-lesmesnuls.fr\/index.php?rest_route=\/wp\/v2\/types\/post"}],"author":[{"embeddable":true,"href":"https:\/\/sdm-lesmesnuls.fr\/index.php?rest_route=\/wp\/v2\/users\/1"}],"replies":[{"embeddable":true,"href":"https:\/\/sdm-lesmesnuls.fr\/index.php?rest_route=%2Fwp%2Fv2%2Fcomments&post=1149"}],"version-history":[{"count":30,"href":"https:\/\/sdm-lesmesnuls.fr\/index.php?rest_route=\/wp\/v2\/posts\/1149\/revisions"}],"predecessor-version":[{"id":1264,"href":"https:\/\/sdm-lesmesnuls.fr\/index.php?rest_route=\/wp\/v2\/posts\/1149\/revisions\/1264"}],"wp:featuredmedia":[{"embeddable":true,"href":"https:\/\/sdm-lesmesnuls.fr\/index.php?rest_route=\/wp\/v2\/media\/1255"}],"wp:attachment":[{"href":"https:\/\/sdm-lesmesnuls.fr\/index.php?rest_route=%2Fwp%2Fv2%2Fmedia&parent=1149"}],"wp:term":[{"taxonomy":"category","embeddable":true,"href":"https:\/\/sdm-lesmesnuls.fr\/index.php?rest_route=%2Fwp%2Fv2%2Fcategories&post=1149"},{"taxonomy":"post_tag","embeddable":true,"href":"https:\/\/sdm-lesmesnuls.fr\/index.php?rest_route=%2Fwp%2Fv2%2Ftags&post=1149"}],"curies":[{"name":"wp","href":"https:\/\/api.w.org\/{rel}","templated":true}]}}