{"id":1369,"date":"2018-12-05T16:21:27","date_gmt":"2018-12-05T15:21:27","guid":{"rendered":"http:\/\/sdm-lesmesnuls.fr\/?p=1369"},"modified":"2019-02-12T16:23:00","modified_gmt":"2019-02-12T15:23:00","slug":"enquete-dutilite-publique-sente-expropriation","status":"publish","type":"post","link":"https:\/\/sdm-lesmesnuls.fr\/?p=1369","title":{"rendered":"Enqu\u00eate d&rsquo;Utilit\u00e9 Publique &#8211; Sente &#038; Expropriation"},"content":{"rendered":"<p class=\"western\" align=\"center\"><span style=\"font-family: Liberation Sans, sans-serif;\"><span style=\"font-size: small;\"><i><u><b>DES COMMENTAIRES ET QUESTIONS<\/b><\/u><\/i><\/span><\/span><\/p>\n<p class=\"western\" align=\"justify\"><span style=\"font-family: Liberation Sans, sans-serif;\"><span style=\"font-size: small;\">Depuis le d\u00e9but de l\u2019enqu\u00eate publique concernant l\u2019utilit\u00e9 publique du projet de sente reliant le mail \u00e0 l\u2019\u00e9cole, au fil des jours, nous avons entendu de nombreuses questions et interrogations et re\u00e7u de non moins nombreux commentaires et r\u00e9actions. Les documents disponibles en mairie ne proposant qu\u2019une version favorable au projet et donc \u00e0 l\u2019expropriation, nous avons trouv\u00e9 \u00e9quitable de publier ces informations sur notre site.<\/span><\/span><\/p>\n<p class=\"western\" align=\"justify\"><span style=\"font-family: Liberation Sans, sans-serif;\"><span style=\"font-size: small;\">Ces discussions, sur la physionomie de la sente sa forme n\u2019en sont pas pour autant un cautionnement ou une acceptation du fait accompli.<\/span><\/span><\/p>\n<p class=\"western\" align=\"justify\"><span style=\"font-family: Liberation Sans, sans-serif;\"><span style=\"font-size: small;\">D\u2019autres informations suivront&#8230;<\/span><\/span><\/p>\n<p class=\"western\" align=\"center\"><span style=\"font-family: Liberation Sans, sans-serif;\"><span style=\"font-size: small;\"><b>SUR<\/b><b> <\/b><span style=\"color: #000000;\"><b>L\u2019UTILIT\u00c9<\/b><\/span><span style=\"color: #000000;\"><b> PUBLIQUE (PAGE 8)<\/b><\/span><\/span><\/span><\/p>\n<p class=\"western\" align=\"justify\"><span style=\"font-family: Liberation Sans, sans-serif;\"><span style=\"font-size: small;\"><span style=\"color: #000000;\"><i>Extrait du dossier\u00a0: \u00ab\u00a0Le caract\u00e8re de l\u2019utilit\u00e9 publique est \u00e9videmment la n\u00e9cessaire s\u00e9curisation de l\u2019acc\u00e8s pi\u00e9ton \u00e0 l\u2019ensemble scolaire(1) <\/i><\/span><span style=\"color: #000000;\"><i><b>voire \u00e0 la mairie voisine<\/b><\/i><\/span><span style=\"color: #000000;\"><i>(2) dont le stationnement est \u00e9triqu\u00e9 et l\u2019acc\u00e8s situ\u00e9 en plein virage de la RD 191.<\/i><\/span><\/span><\/span><\/p>\n<p class=\"western\" align=\"justify\"><span style=\"font-family: Liberation Sans, sans-serif;\"><span style=\"font-size: small;\"><span style=\"color: #000000;\"><i>Il s\u2019agit aussi de donner un parcours parfaitement aux normes pour les personnes \u00e0 mobilit\u00e9 r\u00e9duite\u00a0\u00bb(3).<\/i><\/span><\/span><\/span><\/p>\n<p class=\"western\" align=\"justify\"><span style=\"font-family: Liberation Sans, sans-serif;\"><span style=\"font-size: small;\"><span style=\"color: #000000;\">Nos questions\u00a0:<\/span><\/span><\/span><\/p>\n<ol>\n<li>\n<p align=\"justify\"><span style=\"font-family: Liberation Sans, sans-serif;\"><span style=\"font-size: small;\"><span style=\"color: #000000;\">Combien de personnes passeront par cette sente ? Quel est l\u2019int\u00e9r\u00eat d\u2019un projet dont on ne <\/span><span style=\"color: #000000;\">conna\u00eet<\/span><span style=\"color: #000000;\"> pas le nombre d\u2019usagers\u00a0? De surcro\u00eet pour une dur\u00e9e d\u2019une heure\/jour, et pour la moiti\u00e9 des jours de l\u2019ann\u00e9e (\u00e9coliers). <\/span><\/span><\/span><\/p>\n<\/li>\n<\/ol>\n<p align=\"justify\"><span style=\"font-family: Liberation Sans, sans-serif;\"><span style=\"font-size: small;\"><span style=\"color: #000000;\">Quid des risques pour les enfants venant \u00e0 pieds du bas des Mesnuls ou de la rue Neuve.<\/span><\/span><\/span><\/p>\n<ol start=\"2\">\n<li>\n<p align=\"justify\"><span style=\"font-family: Liberation Sans, sans-serif;\"><span style=\"font-size: small;\"><span style=\"color: #000000;\">Est-il raisonnable d\u2019envisager que l\u2019\u00e9cole soit travers\u00e9e par des personnes, sans lien avec elle, qui se rendraient \u00e0 la mairie\u00a0?<\/span><\/span><\/span><\/p>\n<\/li>\n<\/ol>\n<p class=\"western\" align=\"center\"><span style=\"font-family: Liberation Sans, sans-serif;\"><span style=\"font-size: small;\"><span style=\"color: #000000;\"><b>CONCERNANT L\u2019INFORMATION<\/b><\/span><\/span><\/span><\/p>\n<p class=\"western\" align=\"justify\"><span style=\"font-family: Liberation Sans, sans-serif;\"><span style=\"font-size: small;\"><span style=\"color: #000000;\">On notera\u00a0que :<\/span><\/span><\/span><\/p>\n<ol>\n<li>\n<p align=\"justify\"><span style=\"font-family: Liberation Sans, sans-serif;\"><span style=\"font-size: small;\"><span style=\"color: #000000;\">L\u2019acc\u00e8s au dossier en mairie est parfois difficile, et non accessible pendant les permanences du commissaire-enqu\u00eateur, par le fait qu\u2019il n\u2019y en a qu\u2019un seul exemplaire\u00a0;<\/span><\/span><\/span><\/p>\n<\/li>\n<li>\n<p align=\"justify\"><span style=\"font-family: Liberation Sans, sans-serif;\"><span style=\"font-size: small;\"><span style=\"color: #000000;\">Le dossier \u00ab\u00a0en ligne\u00a0\u00bb sur le site de la mairie est incomplet (aspect financier &amp; \u00e9tat pacellaire).<\/span><\/span><\/span><\/p>\n<\/li>\n<li>\n<p align=\"justify\"><span style=\"font-family: Liberation Sans, sans-serif;\"><span style=\"font-size: small;\"><span style=\"color: #000000;\">Le bulletin municipal de juillet 2018, pourtant exhaustif des r\u00e9alisations et projets de la municipalit\u00e9, ne mentionne pas ce projet et l\u2019enqu\u00eate y aff\u00e9rente, dont le dossier date pourtant du 6 juin 2018\u00a0;<\/span><\/span><\/span><\/p>\n<\/li>\n<\/ol>\n<p class=\"western\" align=\"center\"><span style=\"font-family: Liberation Sans, sans-serif;\"><span style=\"font-size: small;\"><span style=\"color: #000000;\"><b>CONCERNANT DES <\/b><\/span><span style=\"color: #000000;\"><b>INT\u00c9R\u00caTS<\/b><\/span><span style=\"color: #000000;\"><b> PRIVES<\/b><\/span><\/span><\/span><\/p>\n<p class=\"western\" align=\"justify\"><span style=\"font-family: Liberation Sans, sans-serif;\"><span style=\"font-size: small;\"><span style=\"color: #000000;\">Extrait du dossier page 8\u00a0:\u00a0Conditions d\u2019insertion du projet dans l\u2019environnement. Lignes 2, 3 et 4\u00a0:<\/span><span style=\"color: #000000;\"><i>\u00ab\u00a0Les moyens utilis\u00e9s sont d\u2019abord un trac\u00e9 de l\u2019all\u00e9e(1) qui soit le plus discret possible(2<\/i><\/span><span style=\"color: #000000;\"><i><b>) et ob\u00e8re le moins possible la faisabilit\u00e9 de la zone \u00e0 urbaniser<\/b><\/i><\/span><span style=\"color: #000000;\"><i>(3)\u00bb<\/i><\/span><\/span><\/span><\/p>\n<p class=\"western\" align=\"justify\"><span style=\"font-family: Liberation Sans, sans-serif;\"><span style=\"font-size: small;\"><span style=\"color: #000000;\">Nos questions\u00a0:<\/span><\/span><\/span><\/p>\n<ol>\n<li>\n<p align=\"justify\"><span style=\"font-family: Liberation Sans, sans-serif;\"><span style=\"font-size: small;\"><span style=\"color: #000000;\">On peut s\u2019\u00e9tonner que l\u2019enqu\u00eate mentionne la r\u00e9alisation d\u2019une all\u00e9e (qui peut \u00eatre large) alors que l\u2019EUP concerne une sente (petit chemin). Il s\u2019agit de 2 types de voie tr\u00e8s diff\u00e9rents.<\/span><\/span><\/span><\/p>\n<\/li>\n<li>\n<p align=\"justify\"><span style=\"font-family: Liberation Sans, sans-serif;\"><span style=\"font-size: small;\"><span style=\"color: #000000;\">Le dossier mentionne la r\u00e9alisation des constructions \u00ab\u00a0les bords de Guyonne\u00a0\u00bb qui longeront la future sente. Sa r\u00e9alisation fut confi\u00e9e lors du conseil municipal du 6 juillet 2016 \u00e0 l\u2019un des propri\u00e9taires de terrains concern\u00e9s par l\u2019Enqu\u00eate d\u2019Utilit\u00e9 Publique actuelle. Rappelons que cette r\u00e9alisation fut refus\u00e9e par les Mesnulois consult\u00e9s par la Mairie, l\u2019emplacement du Vallon \u00e9tant pr\u00e9f\u00e9r\u00e9 par les habitants. Quid des conflits d\u2019int\u00e9r\u00eat\u00a0? <\/span><\/span><\/span><\/p>\n<\/li>\n<li>\n<p align=\"justify\"><span style=\"font-family: Liberation Sans, sans-serif;\"><span style=\"font-size: small;\"><span style=\"color: #000000;\">En \u00ab\u00a0coupant\u00a0\u00bb les terrains \u00e0 l\u2019emplacement pr\u00e9vu, en \u00ab\u00a0haut de jardins\u00a0\u00bb (voir plan page 4) et non pas en \u00ab\u00a0fond de jardins\u00a0\u00bb comme pr\u00e9cis\u00e9 sur la m\u00eame page , les propri\u00e9t\u00e9s se voient fortement d\u00e9valoris\u00e9es. L\u2019indemnit\u00e9 d\u2019expropriation est d\u00e9risoire devant le pr\u00e9judice financier r\u00e9el. <\/span><span style=\"color: #000000;\">Si cette pr\u00e9emption a lieu, ne va t\u2019elle pas constituer sur le plan juridique un pr\u00e9c\u00e9dent qui pourrait tous nous affecter un jour\u00a0?<\/span><\/span><\/span><\/p>\n<\/li>\n<\/ol>\n<p class=\"western\" align=\"center\"><span style=\"font-family: Liberation Sans, sans-serif;\"><span style=\"font-size: small;\"><span style=\"color: #000000;\"><b>CONCERNANT DES SOLUTIONS ALTERNATIVES <\/b><\/span><\/span><\/span><\/p>\n<p class=\"western\" align=\"center\"><span style=\"font-family: Liberation Sans, sans-serif;\"><span style=\"font-size: small;\"><span style=\"color: #000000;\"><b>PERMETTANT DE <\/b><\/span><span style=\"color: #000000;\"><b>R\u00c9PONDRE<\/b><\/span><span style=\"color: #000000;\"><b> AUX <\/b><\/span><span style=\"color: #000000;\"><b>PROBL\u00c8MES<\/b><\/span><span style=\"color: #000000;\"><b> POSES<\/b><\/span><\/span><\/span><\/p>\n<ol>\n<li>\n<p align=\"justify\"><span style=\"font-family: Liberation Sans, sans-serif;\"><span style=\"font-size: small;\"><span style=\"color: #000000;\">Une solution alternative en \u00ab\u00a0fonds de jardins\u00a0\u00bb semble avoir \u00e9t\u00e9 pr\u00e9sent\u00e9e par un conseiller mais <\/span><span style=\"color: #000000;\"><b>n\u2019a pas \u00e9t\u00e9 retenue, donc pas pr\u00e9sent\u00e9e au public<\/b><\/span><span style=\"color: #000000;\">. Cette solution en \u00ab\u00a0fonds de jardins\u00a0\u00bb pourrait probablement obtenir l\u2019accord du propri\u00e9taire le plus r\u00e9ticent \u00e0 l\u2019actuel projet avec l\u2019avantage de pouvoir am\u00e9nager l\u2019acc\u00e8s vers l\u2019\u00e9tang \u00e0 travers un parcours permanent de d\u00e9couverte, de la flore et de la faune, en toutes saisons et moments de la journ\u00e9e. Pouvant s\u2019inscrire dans un chemin de randonn\u00e9es p\u00e9destres. Cette solution aurait une r\u00e9elle utilit\u00e9 publique.<\/span><\/span><\/span><\/p>\n<\/li>\n<li>\n<p align=\"justify\"><span style=\"font-family: Liberation Sans, sans-serif;\"><span style=\"font-size: small;\"><span style=\"color: #000000;\">Le sentiment d\u2019ins\u00e9curit\u00e9 dans l\u2019usage des trottoirs est avanc\u00e9 pour justifier le projet. Recevable et av\u00e9r\u00e9, ce sentiment vient essentiellement du trafic automobile, par la vitesse des v\u00e9hicules et le grand nombre de poids lourds empruntant cette route totalement inadapt\u00e9e \u00e0 leur transit. La premi\u00e8re mesure \u00e0 prendre pour att\u00e9nuer le sentiment d\u2019ins\u00e9curit\u00e9 ne serait-elle pas d\u2019interdire le passage des poids lourds (mesure relevant de la seule responsabilit\u00e9 du maire) et de pacifier le flux automobile<\/span><span style=\"color: #000000;\"><b>. <\/b><\/span><\/span><\/span><\/p>\n<\/li>\n<\/ol>\n<p class=\"western\" align=\"center\"><span style=\"font-family: Liberation Sans, sans-serif;\"><span style=\"font-size: small;\"><span style=\"color: #000000;\"><b>CONCERNANT LE <\/b><\/span><span style=\"color: #000000;\"><b>CO\u00dbT<\/b><\/span><span style=\"color: #000000;\"><b> FINANCIER<\/b><\/span><\/span><\/span><\/p>\n<p class=\"western\" align=\"center\"><span style=\"font-family: Liberation Sans, sans-serif;\"><span style=\"font-size: small;\"><span style=\"color: #000000;\"><b>(INFORMATION NON DISPONIBLE SUR LE SITE DE LA MAIRIE)<\/b><\/span><\/span><\/span><\/p>\n<ol>\n<li>\n<p align=\"justify\"><span style=\"font-family: Liberation Sans, sans-serif;\"><span style=\"font-size: small;\"><span style=\"color: #000000;\">70000 Euros pour la r\u00e9alisation d\u2019une centaine de m\u00e8tres de \u00ab\u00a0sente\u00a0\u00bb ou \u00ab\u00a0all\u00e9e\u00a0\u00bb, c\u2019est beaucoup d\u2019argent pour une petite commune\u00a0! Sans compter les frais r\u00e9currents\u00a0: d\u2019entretien du rev\u00eatement, la taille des haies, l\u2019\u00e9clairage, etc.<\/span> <\/span><\/span><\/p>\n<\/li>\n<li>\n<p align=\"justify\"><span style=\"font-family: Liberation Sans, sans-serif;\"><span style=\"font-size: small;\">Quid des frais financiers communaux destin\u00e9s \u00e0 d\u00e9fendre <span style=\"color: #000000;\">le<\/span> projet en justice\u00a0? Dans ce cas, dans combien de temps la sente verra t\u2019elle le jour\u00a0?<\/span><\/span><\/p>\n<\/li>\n<\/ol>\n<p align=\"center\"><span style=\"font-family: Liberation Sans, sans-serif;\"><span style=\"font-size: small;\"><b><span style=\"color: #ff0000;\">C\u2019<\/span><span style=\"color: #ff0000;\">est <\/span><span style=\"color: #ff0000;\">170<\/span><span style=\"color: #ff0000;\">\u20ac<\/span> <span style=\"color: #ff0000;\">au minimum <\/span><span style=\"color: #ff0000;\">par foyer mesnulois\u00a0!<\/span><\/b><\/span><\/span><\/p>\n<p class=\"western\" align=\"center\"><span style=\"font-family: Liberation Sans, sans-serif;\"><span style=\"font-size: small;\"><span style=\"color: #000000;\"><b>CONCERNANT LES <\/b><\/span><span style=\"color: #000000;\"><b>INCONV\u00c9NIENTS<\/b><\/span><span style=\"color: #000000;\"><b> OU<\/b><\/span><\/span><\/span><\/p>\n<p class=\"western\" align=\"center\"><span style=\"font-family: Liberation Sans, sans-serif;\"><span style=\"font-size: small;\"><span style=\"color: #000000;\"><b>LES ATTEINTES D\u2019ORDRE <\/b><\/span><span style=\"color: #000000;\"><b>ECONOMIQUE<\/b><\/span><span style=\"color: #000000;\"><b> ET SOCIAL<\/b><\/span><\/span><\/span><\/p>\n<ol>\n<li><span style=\"font-family: Liberation Sans, sans-serif;\"><span style=\"font-size: small;\">La proc\u00e9dure d\u2019expropriation n\u2019est pas un acte b\u00e9nin, et s\u2019il s\u2019av\u00e9rait que son v\u00e9ritable objet doive servir des int\u00e9r\u00eats priv\u00e9s, les mesnulois et mesnuloises pourraient conclure \u00e0 un usage abusif de la proc\u00e9dure\u00a0!<\/span><\/span><\/li>\n<li><span style=\"font-family: Liberation Sans, sans-serif;\"><span style=\"font-size: small;\">Quid de l\u2019activit\u00e9 des commerces qui ne seront plus sur le chemin de l\u2019\u00e9cole\u00a0?<\/span><\/span><\/li>\n<li>\n<p align=\"justify\"><span style=\"font-family: Liberation Sans, sans-serif;\"><span style=\"font-size: small;\"><span style=\"color: #000000;\">Sans nier la n\u00e9cessit\u00e9 de la s\u00e9curisation de l\u2019acc\u00e8s \u00e0 l\u2019\u00e9cole, ne devrait-on pas privil\u00e9gier une s\u00e9curisation g\u00e9n\u00e9rale, de la population, par la prise de l\u2019arr\u00eat\u00e9 d\u2019interdiction des poids lourds<\/span> <span style=\"color: #000000;\">annonc\u00e9 tant de fois\u00a0par la mairie?<\/span><span style=\"color: #000000;\"> La situation actuelle peut <\/span><span style=\"color: #000000;\">entra\u00eener le non renouvellement du bail de Chateauform <\/span><span style=\"color: #000000;\">et<\/span><span style=\"color: #000000;\"> la perte de 27 emplois sur la Commune et de revenus cons\u00e9quents pour celle-ci via la Contribution Fonci\u00e8re des Entreprises.(CFE)<\/span><\/span><\/span><\/p>\n<\/li>\n<\/ol>\n<p class=\"western\" align=\"center\"><span style=\"font-family: Liberation Sans, sans-serif;\"><span style=\"font-size: small;\"><span style=\"color: #000000;\"><b>CONCERNANT LES <\/b><\/span><span style=\"color: #000000;\"><b>INCONV\u00c9NIENTS<\/b><\/span><span style=\"color: #000000;\"><b> OU ATTEINTES D\u2019ORDRE ENVIRONNEMENTAL<\/b><\/span><\/span><\/span><\/p>\n<ol>\n<li><span style=\"font-family: Liberation Sans, sans-serif;\"><span style=\"font-size: small;\">Ce projet privil\u00e9gie l\u2019arriv\u00e9e des enfants par le parking, donc l\u2019usage de la voiture, pollueur av\u00e9r\u00e9 alors que les Communes, suite aux Accords de Paris, sont sens\u00e9es tout faire pour diminuer les \u00e9missions de CO2.<\/span><\/span><\/li>\n<li><span style=\"font-family: Liberation Sans, sans-serif;\"><span style=\"font-size: small;\">Cette all\u00e9e est le moyen de pr\u00e9parer le projet des Bords du Guyonne dont certains conseillers consid\u00e8rent qu\u2019il est abandonn\u00e9\u00a0? D\u2019o\u00f9 plus de voitures et des constructions aupr\u00e8s d\u2019une zone naturelle. <\/span><\/span><\/li>\n<\/ol>\n<p class=\"western\"><b style=\"color: #000000; font-family: 'Liberation Sans', sans-serif; font-size: small;\">SI VOUS VOULEZ INTERVENIR <\/b><span style=\"color: #000000; font-family: Liberation Sans, sans-serif; font-size: small;\"><b>AUPR\u00c8S<\/b><\/span><b style=\"color: #000000; font-family: 'Liberation Sans', sans-serif; font-size: small;\">\u00a0DU COMMISSAIRE <\/b><span style=\"font-family: 'Liberation Sans', sans-serif; font-size: small; color: #000000;\"><b>ENQU\u00caTEUR<\/b><\/span><span style=\"font-family: 'Liberation Sans', sans-serif; font-size: small; color: #000000;\"><b> SELON VOS <\/b><\/span><span style=\"font-family: 'Liberation Sans', sans-serif; font-size: small; color: #000000;\"><b>DISPONIBILIT\u00c9S<\/b><\/span><span style=\"font-family: 'Liberation Sans', sans-serif; font-size: small; color: #000000;\"><b> VOUS POUVEZ AU CHOIX : <\/b><\/span><\/p>\n<p class=\"western\" align=\"justify\"><span style=\"font-family: Liberation Sans, sans-serif;\"><span style=\"font-size: small;\"><span style=\"color: #000000;\"><i><u><b>A<\/b><\/u><\/i><\/span><span style=\"color: #000000;\"><i><u><b>vant le 14 d\u00e9cembre <\/b><\/u><\/i><\/span><span style=\"color: #000000;\"><i><u><b>imp\u00e9rativement<\/b><\/u><\/i><\/span><span style=\"color: #000000;\">, <\/span><span style=\"color: #000000;\">allez <\/span><span style=\"color: #000000;\">en mairie aux heures d\u2019ouverture, pour consulter le dossier<\/span><span style=\"color: #000000;\"> et porte<\/span><span style=\"color: #000000;\">r<\/span><span style=\"color: #000000;\"> vos remarques sur le cahier d\u2019enqu\u00eate <\/span><span style=\"color: #000000;\">\u00e0 disposition.<\/span><\/span><\/span><\/p>\n<p class=\"western\" align=\"justify\"><span style=\"font-family: Liberation Sans, sans-serif;\"><span style=\"font-size: small;\">Ou bien, dans les m\u00eames d\u00e9lais, vous pouvez d\u00e9poser dans la bo\u00eete \u00e0 lettre de la mairie vos commentaires sous enveloppe ferm\u00e9e mentionnant\u00a0: <\/span><\/span><\/p>\n<div style=\"text-align: center;\"><span style=\"font-family: Liberation Sans, sans-serif;\"><span style=\"font-size: small;\">\u00e0 l\u2019attention de Monsieur Masson<\/span><\/span><\/div>\n<div style=\"text-align: center;\"><span style=\"font-family: Liberation Sans, sans-serif;\"><span style=\"font-size: small;\">Commissaire-enqu\u00eateur<\/span><\/span><\/div>\n<div style=\"text-align: center;\"><span style=\"font-family: Liberation Sans, sans-serif;\"><span style=\"font-size: small;\">\u00ab\u00a0Enqu\u00eate d\u2019Utilit\u00e9 Publique &#8211; Sente pi\u00e9tonne\u00a0\u00bb.<\/span><\/span><\/div>\n<p class=\"western\" align=\"justify\"><span style=\"font-family: Liberation Sans, sans-serif;\"><span style=\"font-size: small;\"><span style=\"color: #000000;\"><u><b>Ou aller le 14 D\u00e9cembre, en mairie entre 9h et 12h30<\/b><\/u><\/span><span style=\"color: #000000;\">, rencontrer le M. Commissaire-enqu\u00eateur, pour mentionner vos remarques ou lui remettre votre courrier en n\u2019oubliant pas de le mentionner dans le cahier\u00a0<\/span><\/span><\/span><span style=\"color: #000000; font-family: 'Liberation Sans', sans-serif; font-size: small;\">d\u2019enqu\u00eate<\/span><span style=\"color: #000000; font-size: small; font-family: 'Liberation Sans', sans-serif;\">.<\/span><\/p>\n<p class=\"western\"><span style=\"font-family: Liberation Sans, sans-serif;\"><span style=\"font-size: small;\">Vous pouvez en d\u00e9poser une copie sous enveloppe au nom de la<b> SDM<\/b> dans la <span style=\"text-decoration: underline;\">bo\u00eete aux lettre des Associations<\/span> devant la mairie<b>. <\/b>Le faire dans l\u2019id\u00e9al avant le 13 D\u00e9cembre.<\/span><\/span><\/p>\n","protected":false},"excerpt":{"rendered":"<p>DES COMMENTAIRES ET QUESTIONS Depuis le d\u00e9but de l\u2019enqu\u00eate publique concernant l\u2019utilit\u00e9 publique du projet de sente reliant le mail \u00e0 l\u2019\u00e9cole, au fil des jours, nous avons entendu de nombreuses questions et interrogations et re\u00e7u de non moins nombreux <a class=\"more-link\" href=\"https:\/\/sdm-lesmesnuls.fr\/?p=1369\">&#8230;.. LIRE LA SUITE \u2192<\/a><\/p>\n","protected":false},"author":1,"featured_media":1371,"comment_status":"open","ping_status":"open","sticky":false,"template":"","format":"standard","meta":{"jetpack_post_was_ever_published":false,"_jetpack_newsletter_access":"","_jetpack_dont_email_post_to_subs":false,"_jetpack_newsletter_tier_id":0,"_jetpack_memberships_contains_paywalled_content":false,"footnotes":"","_jetpack_memberships_contains_paid_content":false,"jetpack_publicize_message":"","jetpack_publicize_feature_enabled":true,"jetpack_social_post_already_shared":true,"jetpack_social_options":{"image_generator_settings":{"template":"highway","enabled":false},"version":2}},"categories":[37,3,1],"tags":[],"jetpack_publicize_connections":[],"jetpack_featured_media_url":"https:\/\/i0.wp.com\/sdm-lesmesnuls.fr\/wp-content\/uploads\/Expro.png?fit=619%2C77&ssl=1","jetpack_sharing_enabled":true,"jetpack_shortlink":"https:\/\/wp.me\/p71w7n-m5","jetpack-related-posts":[],"_links":{"self":[{"href":"https:\/\/sdm-lesmesnuls.fr\/index.php?rest_route=\/wp\/v2\/posts\/1369"}],"collection":[{"href":"https:\/\/sdm-lesmesnuls.fr\/index.php?rest_route=\/wp\/v2\/posts"}],"about":[{"href":"https:\/\/sdm-lesmesnuls.fr\/index.php?rest_route=\/wp\/v2\/types\/post"}],"author":[{"embeddable":true,"href":"https:\/\/sdm-lesmesnuls.fr\/index.php?rest_route=\/wp\/v2\/users\/1"}],"replies":[{"embeddable":true,"href":"https:\/\/sdm-lesmesnuls.fr\/index.php?rest_route=%2Fwp%2Fv2%2Fcomments&post=1369"}],"version-history":[{"count":3,"href":"https:\/\/sdm-lesmesnuls.fr\/index.php?rest_route=\/wp\/v2\/posts\/1369\/revisions"}],"predecessor-version":[{"id":1373,"href":"https:\/\/sdm-lesmesnuls.fr\/index.php?rest_route=\/wp\/v2\/posts\/1369\/revisions\/1373"}],"wp:featuredmedia":[{"embeddable":true,"href":"https:\/\/sdm-lesmesnuls.fr\/index.php?rest_route=\/wp\/v2\/media\/1371"}],"wp:attachment":[{"href":"https:\/\/sdm-lesmesnuls.fr\/index.php?rest_route=%2Fwp%2Fv2%2Fmedia&parent=1369"}],"wp:term":[{"taxonomy":"category","embeddable":true,"href":"https:\/\/sdm-lesmesnuls.fr\/index.php?rest_route=%2Fwp%2Fv2%2Fcategories&post=1369"},{"taxonomy":"post_tag","embeddable":true,"href":"https:\/\/sdm-lesmesnuls.fr\/index.php?rest_route=%2Fwp%2Fv2%2Ftags&post=1369"}],"curies":[{"name":"wp","href":"https:\/\/api.w.org\/{rel}","templated":true}]}}