{"id":1400,"date":"2019-03-11T01:08:37","date_gmt":"2019-03-11T00:08:37","guid":{"rendered":"http:\/\/sdm-lesmesnuls.fr\/?p=1400"},"modified":"2019-05-14T21:23:32","modified_gmt":"2019-05-14T20:23:32","slug":"fuite-du-pipeline-total-a-autouillet-et-vicq","status":"publish","type":"post","link":"https:\/\/sdm-lesmesnuls.fr\/?p=1400","title":{"rendered":"Fuite du pipeline TOTAL \u00e0 Autouillet et Boissy-sans-Avoir"},"content":{"rendered":"\r\n<p style=\"text-align: justify;\">A quelques 8 kilom\u00e8tres d&rsquo;ici, dans la commune d\u2019Autouillet, une fuite de p\u00e9trole s\u2019est d\u00e9clar\u00e9e le 24 f\u00e9vrier dernier. Le pipeline en cause, qui appartient au groupe TOTAL, a \u00e9t\u00e9 mis hors d\u2019exploitation le 25. La canalisation longue de 260 Km et de 40 cm de diam\u00e8tre s\u2019est fendue sur 2 m\u00e8tres. Bien entendu une partie de son contenu s\u2019est d\u00e9vers\u00e9e dans les champs. Le volume de p\u00e9trole perdu est de l\u2019ordre de 900 \u00e0 1 500 m\u00b3.<\/p>\r\n<p style=\"text-align: justify;\"><a href=\"https:\/\/i0.wp.com\/sdm-lesmesnuls.fr\/wp-content\/uploads\/PetroleSurface.png?ssl=1\"><img loading=\"lazy\" decoding=\"async\" data-attachment-id=\"1535\" data-permalink=\"https:\/\/sdm-lesmesnuls.fr\/?attachment_id=1535#main\" data-orig-file=\"https:\/\/i0.wp.com\/sdm-lesmesnuls.fr\/wp-content\/uploads\/PetroleSurface.png?fit=502%2C310&amp;ssl=1\" data-orig-size=\"502,310\" data-comments-opened=\"1\" data-image-meta=\"{&quot;aperture&quot;:&quot;0&quot;,&quot;credit&quot;:&quot;&quot;,&quot;camera&quot;:&quot;&quot;,&quot;caption&quot;:&quot;&quot;,&quot;created_timestamp&quot;:&quot;0&quot;,&quot;copyright&quot;:&quot;&quot;,&quot;focal_length&quot;:&quot;0&quot;,&quot;iso&quot;:&quot;0&quot;,&quot;shutter_speed&quot;:&quot;0&quot;,&quot;title&quot;:&quot;&quot;,&quot;orientation&quot;:&quot;0&quot;}\" data-image-title=\"PetroleSurface\" data-image-description=\"\" data-image-caption=\"\" data-medium-file=\"https:\/\/i0.wp.com\/sdm-lesmesnuls.fr\/wp-content\/uploads\/PetroleSurface.png?fit=502%2C310&amp;ssl=1\" data-large-file=\"https:\/\/i0.wp.com\/sdm-lesmesnuls.fr\/wp-content\/uploads\/PetroleSurface.png?fit=502%2C310&amp;ssl=1\" tabindex=\"0\" role=\"button\" class=\"aligncenter wp-image-1535\" src=\"https:\/\/i0.wp.com\/sdm-lesmesnuls.fr\/wp-content\/uploads\/PetroleSurface.png?resize=500%2C309&#038;ssl=1\" alt=\"\" width=\"500\" height=\"309\" data-recalc-dims=\"1\" \/><\/a><\/p>\r\n<p style=\"text-align: justify;\"><a href=\"https:\/\/i0.wp.com\/sdm-lesmesnuls.fr\/wp-content\/uploads\/PipelineEclate.png?ssl=1\"><img loading=\"lazy\" decoding=\"async\" data-attachment-id=\"1402\" data-permalink=\"https:\/\/sdm-lesmesnuls.fr\/?attachment_id=1402#main\" data-orig-file=\"https:\/\/i0.wp.com\/sdm-lesmesnuls.fr\/wp-content\/uploads\/PipelineEclate.png?fit=640%2C480&amp;ssl=1\" data-orig-size=\"640,480\" data-comments-opened=\"1\" data-image-meta=\"{&quot;aperture&quot;:&quot;0&quot;,&quot;credit&quot;:&quot;&quot;,&quot;camera&quot;:&quot;&quot;,&quot;caption&quot;:&quot;&quot;,&quot;created_timestamp&quot;:&quot;0&quot;,&quot;copyright&quot;:&quot;&quot;,&quot;focal_length&quot;:&quot;0&quot;,&quot;iso&quot;:&quot;0&quot;,&quot;shutter_speed&quot;:&quot;0&quot;,&quot;title&quot;:&quot;&quot;,&quot;orientation&quot;:&quot;0&quot;}\" data-image-title=\"PipelineEclate\" data-image-description=\"\" data-image-caption=\"\" data-medium-file=\"https:\/\/i0.wp.com\/sdm-lesmesnuls.fr\/wp-content\/uploads\/PipelineEclate.png?fit=600%2C450&amp;ssl=1\" data-large-file=\"https:\/\/i0.wp.com\/sdm-lesmesnuls.fr\/wp-content\/uploads\/PipelineEclate.png?fit=640%2C480&amp;ssl=1\" tabindex=\"0\" role=\"button\" class=\"aligncenter wp-image-1402\" src=\"https:\/\/i0.wp.com\/sdm-lesmesnuls.fr\/wp-content\/uploads\/PipelineEclate.png?resize=500%2C375&#038;ssl=1\" alt=\"\" width=\"500\" height=\"375\" srcset=\"https:\/\/i0.wp.com\/sdm-lesmesnuls.fr\/wp-content\/uploads\/PipelineEclate.png?resize=600%2C450&amp;ssl=1 600w, https:\/\/i0.wp.com\/sdm-lesmesnuls.fr\/wp-content\/uploads\/PipelineEclate.png?w=640&amp;ssl=1 640w\" sizes=\"(max-width: 500px) 100vw, 500px\" data-recalc-dims=\"1\" \/><\/a><\/p>\r\n<p style=\"text-align: justify;\">C\u2019est beaucoup mais sans rapport avec une mar\u00e9e noire, pour comparaison en 1979 le tristement c\u00e9l\u00e8bre p\u00e9trolier Amoco-cadiz avait perdu 200 fois plus de p\u00e9trole brut et de fioul sur les c\u00f4tes fran\u00e7aises.<\/p>\r\n<p style=\"text-align: justify;\">Ce pipeline dessert notamment la raffinerie de \u00ab_Grandpuits_\u00bb qui fournit l\u2019\u00eele de France en produits p\u00e9troliers.<\/p>\r\n<p style=\"text-align: justify;\">D\u2019apr\u00e8s les calculs, on \u00e9value \u00e0 30 000 m3 sur une dizaine d\u2019hectares la quantit\u00e9 de terre pollu\u00e9e. Par effet de ruissellement, la nappe s\u2019est \u00e9tal\u00e9e peu \u00e0 peu et a partiellement contamin\u00e9 le Lieutel, rivi\u00e8re \u00e0 proximit\u00e9 du sinistre, laquelle se jette dans la Mauldre. Des petits barrages on \u00e9t\u00e9 mis en place par les \u00e9quipes de nettoyage.<\/p>\r\n<p style=\"text-align: justify;\"><a href=\"https:\/\/i0.wp.com\/sdm-lesmesnuls.fr\/wp-content\/uploads\/Barrage.png?ssl=1\"><img loading=\"lazy\" decoding=\"async\" data-attachment-id=\"1533\" data-permalink=\"https:\/\/sdm-lesmesnuls.fr\/?attachment_id=1533#main\" data-orig-file=\"https:\/\/i0.wp.com\/sdm-lesmesnuls.fr\/wp-content\/uploads\/Barrage.png?fit=978%2C472&amp;ssl=1\" data-orig-size=\"978,472\" data-comments-opened=\"1\" data-image-meta=\"{&quot;aperture&quot;:&quot;0&quot;,&quot;credit&quot;:&quot;&quot;,&quot;camera&quot;:&quot;&quot;,&quot;caption&quot;:&quot;&quot;,&quot;created_timestamp&quot;:&quot;0&quot;,&quot;copyright&quot;:&quot;&quot;,&quot;focal_length&quot;:&quot;0&quot;,&quot;iso&quot;:&quot;0&quot;,&quot;shutter_speed&quot;:&quot;0&quot;,&quot;title&quot;:&quot;&quot;,&quot;orientation&quot;:&quot;0&quot;}\" data-image-title=\"Barrage\" data-image-description=\"\" data-image-caption=\"\" data-medium-file=\"https:\/\/i0.wp.com\/sdm-lesmesnuls.fr\/wp-content\/uploads\/Barrage.png?fit=600%2C290&amp;ssl=1\" data-large-file=\"https:\/\/i0.wp.com\/sdm-lesmesnuls.fr\/wp-content\/uploads\/Barrage.png?fit=800%2C386&amp;ssl=1\" tabindex=\"0\" role=\"button\" class=\"size-medium wp-image-1533 aligncenter\" src=\"https:\/\/i0.wp.com\/sdm-lesmesnuls.fr\/wp-content\/uploads\/Barrage.png?resize=600%2C290&#038;ssl=1\" alt=\"\" width=\"600\" height=\"290\" srcset=\"https:\/\/i0.wp.com\/sdm-lesmesnuls.fr\/wp-content\/uploads\/Barrage.png?resize=600%2C290&amp;ssl=1 600w, https:\/\/i0.wp.com\/sdm-lesmesnuls.fr\/wp-content\/uploads\/Barrage.png?resize=768%2C371&amp;ssl=1 768w, https:\/\/i0.wp.com\/sdm-lesmesnuls.fr\/wp-content\/uploads\/Barrage.png?w=978&amp;ssl=1 978w\" sizes=\"(max-width: 600px) 100vw, 600px\" data-recalc-dims=\"1\" \/><\/a><\/p>\r\n<p style=\"text-align: justify;\">50 \u00e0 200 personnes, selon la nature des travaux, s\u2019affairent chaque jour sur le site dont l\u2019acc\u00e8s est r\u00e9glement\u00e9. Des r\u00e9unions bi-hebdomadaires sont tenues en pr\u00e9sence de repr\u00e9sentants pr\u00e9fectoraux, d\u2019\u00e9lus, de repr\u00e9sentants de TOTAL, des Associations et bien s\u00fbr les habitants int\u00e9ress\u00e9s par le probl\u00e8me.<\/p>\r\n<p style=\"text-align: justify;\"><a href=\"https:\/\/i0.wp.com\/sdm-lesmesnuls.fr\/wp-content\/uploads\/Nettoyage.png?ssl=1\"><img loading=\"lazy\" decoding=\"async\" data-attachment-id=\"1534\" data-permalink=\"https:\/\/sdm-lesmesnuls.fr\/?attachment_id=1534#main\" data-orig-file=\"https:\/\/i0.wp.com\/sdm-lesmesnuls.fr\/wp-content\/uploads\/Nettoyage.png?fit=568%2C478&amp;ssl=1\" data-orig-size=\"568,478\" data-comments-opened=\"1\" data-image-meta=\"{&quot;aperture&quot;:&quot;0&quot;,&quot;credit&quot;:&quot;&quot;,&quot;camera&quot;:&quot;&quot;,&quot;caption&quot;:&quot;&quot;,&quot;created_timestamp&quot;:&quot;0&quot;,&quot;copyright&quot;:&quot;&quot;,&quot;focal_length&quot;:&quot;0&quot;,&quot;iso&quot;:&quot;0&quot;,&quot;shutter_speed&quot;:&quot;0&quot;,&quot;title&quot;:&quot;&quot;,&quot;orientation&quot;:&quot;0&quot;}\" data-image-title=\"Nettoyage\" data-image-description=\"\" data-image-caption=\"\" data-medium-file=\"https:\/\/i0.wp.com\/sdm-lesmesnuls.fr\/wp-content\/uploads\/Nettoyage.png?fit=568%2C478&amp;ssl=1\" data-large-file=\"https:\/\/i0.wp.com\/sdm-lesmesnuls.fr\/wp-content\/uploads\/Nettoyage.png?fit=568%2C478&amp;ssl=1\" tabindex=\"0\" role=\"button\" class=\"aligncenter wp-image-1534\" src=\"https:\/\/i0.wp.com\/sdm-lesmesnuls.fr\/wp-content\/uploads\/Nettoyage.png?resize=500%2C421&#038;ssl=1\" alt=\"\" width=\"500\" height=\"421\" data-recalc-dims=\"1\" \/><\/a><\/p>\r\n<p style=\"text-align: justify;\">M\u00eame si l\u2019on peut esp\u00e9rer, \u00e0 terme, un r\u00e8glement sans trace de cette affaire (pour m\u00e9moire, le m\u00eame type d\u2019incident a eu lieu pr\u00e8s du Havre en 2014), \u00e7a reste un mauvais coup pour notre environnement direct et, en premier lieu, pour les riverains et la faune locale oblig\u00e9s de supporter, outres les odeurs, les cons\u00e9quences de cet accident majeur pour les communes impact\u00e9es. Enfin, certaines voix se sont \u00e9lev\u00e9es sur le fait qu\u2019aucun organisme non gouvernemental ou non li\u00e9 \u00e0 TOTAL n\u2019ait \u00e9t\u00e9 mandat\u00e9 pour surveiller les op\u00e9rations de d\u00e9pollution.<br \/>(Plus d\u2019informations sur la fuite : http:\/\/www.yvelines.gouv.fr\/Actualites\/Rupture-du-pipeline-Ile-de-France )<\/p>\r\n<p style=\"text-align: justify;\">Les services de l\u2019\u00c9tat, forts de r\u00e9centes dispositions l\u00e9gales, et TOTAL, conscient de ses responsabilit\u00e9s, vont venir \u00e0 bout, sans trop de s\u00e9quelles, de ce probl\u00e8me d\u2019environnement n\u00e9anmoins, deux questions se posent \u00e0 nous en tant que Mesnulois.<\/p>\r\n<p style=\"text-align: justify;\">1) 30 000 m\u00b3, c\u2019est 55 000 tonnes de terre \u00e0 \u00e9vacuer et \u00e0 nettoyer, c\u2019est \u00e9norme ! Le nettoyage durera plusieurs mois, jusqu\u2019en novembre nous dit-on, par o\u00f9 passera l\u2019in\u00e9vitable ballet routier ? Nous avons demand\u00e9 \u00e0 Total et la Pr\u00e9fecture qu\u2019il ne passe pas par Les Mesnuls. Nous avons \u00e9t\u00e9 entendu, semble-t-il. Du fait des peu soucieuses indications des GPS, il faudra toutefois s\u2019en assurer dans les faits.<\/p>\r\n<p style=\"text-align: justify;\"><a href=\"https:\/\/i0.wp.com\/sdm-lesmesnuls.fr\/wp-content\/uploads\/canion.png?ssl=1\"><img loading=\"lazy\" decoding=\"async\" data-attachment-id=\"1539\" data-permalink=\"https:\/\/sdm-lesmesnuls.fr\/?attachment_id=1539#main\" data-orig-file=\"https:\/\/i0.wp.com\/sdm-lesmesnuls.fr\/wp-content\/uploads\/canion.png?fit=1069%2C688&amp;ssl=1\" data-orig-size=\"1069,688\" data-comments-opened=\"1\" data-image-meta=\"{&quot;aperture&quot;:&quot;0&quot;,&quot;credit&quot;:&quot;&quot;,&quot;camera&quot;:&quot;&quot;,&quot;caption&quot;:&quot;&quot;,&quot;created_timestamp&quot;:&quot;0&quot;,&quot;copyright&quot;:&quot;&quot;,&quot;focal_length&quot;:&quot;0&quot;,&quot;iso&quot;:&quot;0&quot;,&quot;shutter_speed&quot;:&quot;0&quot;,&quot;title&quot;:&quot;&quot;,&quot;orientation&quot;:&quot;0&quot;}\" data-image-title=\"canion\" data-image-description=\"\" data-image-caption=\"\" data-medium-file=\"https:\/\/i0.wp.com\/sdm-lesmesnuls.fr\/wp-content\/uploads\/canion.png?fit=600%2C386&amp;ssl=1\" data-large-file=\"https:\/\/i0.wp.com\/sdm-lesmesnuls.fr\/wp-content\/uploads\/canion.png?fit=800%2C515&amp;ssl=1\" tabindex=\"0\" role=\"button\" class=\"wp-image-1539 aligncenter\" src=\"https:\/\/i0.wp.com\/sdm-lesmesnuls.fr\/wp-content\/uploads\/canion.png?resize=500%2C322&#038;ssl=1\" alt=\"\" width=\"500\" height=\"322\" srcset=\"https:\/\/i0.wp.com\/sdm-lesmesnuls.fr\/wp-content\/uploads\/canion.png?resize=600%2C386&amp;ssl=1 600w, https:\/\/i0.wp.com\/sdm-lesmesnuls.fr\/wp-content\/uploads\/canion.png?resize=768%2C494&amp;ssl=1 768w, https:\/\/i0.wp.com\/sdm-lesmesnuls.fr\/wp-content\/uploads\/canion.png?resize=1024%2C659&amp;ssl=1 1024w, https:\/\/i0.wp.com\/sdm-lesmesnuls.fr\/wp-content\/uploads\/canion.png?w=1069&amp;ssl=1 1069w\" sizes=\"(max-width: 500px) 100vw, 500px\" data-recalc-dims=\"1\" \/><\/a><\/p>\r\n<p style=\"text-align: justify;\">2) Un m\u00eame pipeline, le TRAPIL, traverse Les Mesnuls \u00e0 l&rsquo;est, celui-ci contient des produits plus fluides, sans doute plus polluants et plus dangereux que le p\u00e9trole d\u2019Autouillet. Dans quel \u00e9tat est-il ? Quelles dispositions sont prises pour pr\u00e9venir un incident similaire ? <br \/>(Plus d\u2019informations sur le Trapil : https:\/\/www.trapil.com\/).<\/p>\r\n<p style=\"text-align: justify;\">Naturellement, la SDM suit l\u2019\u00e9volution de ce dossier et en particulier ses implications locales.<\/p>\r\n<figure class=\"wp-block-image\">\r\n<p style=\"text-align: justify;\"><a href=\"https:\/\/i0.wp.com\/sdm-lesmesnuls.fr\/wp-content\/uploads\/PipelineLesMesnulsTrapil1.png?ssl=1\"><img loading=\"lazy\" decoding=\"async\" data-attachment-id=\"1492\" data-permalink=\"https:\/\/sdm-lesmesnuls.fr\/?attachment_id=1492#main\" data-orig-file=\"https:\/\/i0.wp.com\/sdm-lesmesnuls.fr\/wp-content\/uploads\/PipelineLesMesnulsTrapil1.png?fit=662%2C536&amp;ssl=1\" data-orig-size=\"662,536\" data-comments-opened=\"1\" data-image-meta=\"{&quot;aperture&quot;:&quot;0&quot;,&quot;credit&quot;:&quot;&quot;,&quot;camera&quot;:&quot;&quot;,&quot;caption&quot;:&quot;&quot;,&quot;created_timestamp&quot;:&quot;0&quot;,&quot;copyright&quot;:&quot;&quot;,&quot;focal_length&quot;:&quot;0&quot;,&quot;iso&quot;:&quot;0&quot;,&quot;shutter_speed&quot;:&quot;0&quot;,&quot;title&quot;:&quot;&quot;,&quot;orientation&quot;:&quot;0&quot;}\" data-image-title=\"PipelineLesMesnulsTrapil1\" data-image-description=\"\" data-image-caption=\"\" data-medium-file=\"https:\/\/i0.wp.com\/sdm-lesmesnuls.fr\/wp-content\/uploads\/PipelineLesMesnulsTrapil1.png?fit=600%2C486&amp;ssl=1\" data-large-file=\"https:\/\/i0.wp.com\/sdm-lesmesnuls.fr\/wp-content\/uploads\/PipelineLesMesnulsTrapil1.png?fit=662%2C536&amp;ssl=1\" tabindex=\"0\" role=\"button\" class=\"wp-image-1492 aligncenter\" src=\"https:\/\/i0.wp.com\/sdm-lesmesnuls.fr\/wp-content\/uploads\/PipelineLesMesnulsTrapil1.png?resize=500%2C405&#038;ssl=1\" alt=\"\" width=\"500\" height=\"405\" srcset=\"https:\/\/i0.wp.com\/sdm-lesmesnuls.fr\/wp-content\/uploads\/PipelineLesMesnulsTrapil1.png?resize=600%2C486&amp;ssl=1 600w, https:\/\/i0.wp.com\/sdm-lesmesnuls.fr\/wp-content\/uploads\/PipelineLesMesnulsTrapil1.png?w=662&amp;ssl=1 662w\" sizes=\"(max-width: 500px) 100vw, 500px\" data-recalc-dims=\"1\" \/><\/a><em style=\"-webkit-user-drag: none; font-size: 14px;\"><strong style=\"-webkit-user-drag: none;\">\u00a0\u00a0 <\/strong><\/em><\/p>\r\n<p style=\"text-align: center;\"><em style=\"-webkit-user-drag: none; font-size: 14px;\"><strong style=\"-webkit-user-drag: none;\">Le Trapil traverse l&rsquo;Est des Mesnuls<\/strong><\/em><\/p>\r\n<hr \/><\/figure>\r\n<hr \/><hr \/>\r\n<h2 style=\"text-align: center;\"><span style=\"color: #003366;\"><strong>Mercredi 20 mars 2019 &#8211; Entretien\/d\u00e9bat TV78<\/strong><\/span><\/h2>\r\n<h4 style=\"text-align: center;\"><strong>avec Marc R\u00e9mond pr\u00e9sent\u00e9 par Aur\u00e9lie Ronze<\/strong><\/h4>\r\n<p><span class=\"embed-youtube\" style=\"text-align:center; display: block;\"><iframe loading=\"lazy\" class=\"youtube-player\" width=\"800\" height=\"450\" src=\"https:\/\/www.youtube.com\/embed\/eZklPs65ktQ?version=3&#038;rel=1&#038;showsearch=0&#038;showinfo=1&#038;iv_load_policy=1&#038;fs=1&#038;hl=fr-FR&#038;autohide=2&#038;wmode=transparent\" allowfullscreen=\"true\" style=\"border:0;\" sandbox=\"allow-scripts allow-same-origin allow-popups allow-presentation allow-popups-to-escape-sandbox\"><\/iframe><\/span><\/p>","protected":false},"excerpt":{"rendered":"<p>A quelques 8 kilom\u00e8tres d&rsquo;ici, dans la commune d\u2019Autouillet, une fuite de p\u00e9trole s\u2019est d\u00e9clar\u00e9e le 24 f\u00e9vrier dernier. Le pipeline en cause, qui appartient au groupe TOTAL, a \u00e9t\u00e9 mis hors d\u2019exploitation le 25. La canalisation longue de 260 <a class=\"more-link\" href=\"https:\/\/sdm-lesmesnuls.fr\/?p=1400\">&#8230;.. LIRE LA SUITE \u2192<\/a><\/p>\n","protected":false},"author":1,"featured_media":1424,"comment_status":"open","ping_status":"open","sticky":false,"template":"","format":"standard","meta":{"jetpack_post_was_ever_published":false,"_jetpack_newsletter_access":"","_jetpack_dont_email_post_to_subs":false,"_jetpack_newsletter_tier_id":0,"_jetpack_memberships_contains_paywalled_content":false,"footnotes":"","_jetpack_memberships_contains_paid_content":false,"jetpack_publicize_message":"","jetpack_publicize_feature_enabled":true,"jetpack_social_post_already_shared":true,"jetpack_social_options":{"image_generator_settings":{"template":"highway","enabled":false},"version":2}},"categories":[37,3],"tags":[18],"jetpack_publicize_connections":[],"jetpack_featured_media_url":"https:\/\/i0.wp.com\/sdm-lesmesnuls.fr\/wp-content\/uploads\/TOTAL1.png?fit=619%2C77&ssl=1","jetpack_sharing_enabled":true,"jetpack_shortlink":"https:\/\/wp.me\/p71w7n-mA","jetpack-related-posts":[],"_links":{"self":[{"href":"https:\/\/sdm-lesmesnuls.fr\/index.php?rest_route=\/wp\/v2\/posts\/1400"}],"collection":[{"href":"https:\/\/sdm-lesmesnuls.fr\/index.php?rest_route=\/wp\/v2\/posts"}],"about":[{"href":"https:\/\/sdm-lesmesnuls.fr\/index.php?rest_route=\/wp\/v2\/types\/post"}],"author":[{"embeddable":true,"href":"https:\/\/sdm-lesmesnuls.fr\/index.php?rest_route=\/wp\/v2\/users\/1"}],"replies":[{"embeddable":true,"href":"https:\/\/sdm-lesmesnuls.fr\/index.php?rest_route=%2Fwp%2Fv2%2Fcomments&post=1400"}],"version-history":[{"count":47,"href":"https:\/\/sdm-lesmesnuls.fr\/index.php?rest_route=\/wp\/v2\/posts\/1400\/revisions"}],"predecessor-version":[{"id":1543,"href":"https:\/\/sdm-lesmesnuls.fr\/index.php?rest_route=\/wp\/v2\/posts\/1400\/revisions\/1543"}],"wp:featuredmedia":[{"embeddable":true,"href":"https:\/\/sdm-lesmesnuls.fr\/index.php?rest_route=\/wp\/v2\/media\/1424"}],"wp:attachment":[{"href":"https:\/\/sdm-lesmesnuls.fr\/index.php?rest_route=%2Fwp%2Fv2%2Fmedia&parent=1400"}],"wp:term":[{"taxonomy":"category","embeddable":true,"href":"https:\/\/sdm-lesmesnuls.fr\/index.php?rest_route=%2Fwp%2Fv2%2Fcategories&post=1400"},{"taxonomy":"post_tag","embeddable":true,"href":"https:\/\/sdm-lesmesnuls.fr\/index.php?rest_route=%2Fwp%2Fv2%2Ftags&post=1400"}],"curies":[{"name":"wp","href":"https:\/\/api.w.org\/{rel}","templated":true}]}}