{"id":1497,"date":"2019-05-21T18:10:58","date_gmt":"2019-05-21T17:10:58","guid":{"rendered":"http:\/\/sdm-lesmesnuls.fr\/?p=1497"},"modified":"2019-06-03T15:00:49","modified_gmt":"2019-06-03T14:00:49","slug":"consultation-des-mesnulois","status":"publish","type":"post","link":"https:\/\/sdm-lesmesnuls.fr\/?p=1497","title":{"rendered":"Consultation des Mesnulois &#8211; RD191"},"content":{"rendered":"<p><strong>Devant l\u2019urgence climatique et les obligations pour les communes de participer \u00e0 la diminution des gaz \u00e0 effet de serre, suite aux engagements fran\u00e7ais et internationaux et bien entendu au regard des nuisances quotidiennes support\u00e9es par notre population, nous souhaitons une nouvelle fois votre soutien concernant l\u2019interdiction de la circulation des poids lourds dans notre commune.<\/strong><\/p>\n<p><em><strong>Vous trouverez en bas de page un r\u00e9sum\u00e9 de certaines \u00e9tapes de ce dossier.<\/strong><\/em><\/p>\n<p>Nous vous invitons soit \u00e0 remplir le formulaire en ligne qui suit soit \u00e0 imprimer le document de consultation <a href=\"https:\/\/sdm-lesmesnuls.fr\/wp-content\/uploads\/Consultation-2019-tract-1.pdf\"><img loading=\"lazy\" decoding=\"async\" data-attachment-id=\"931\" data-permalink=\"https:\/\/sdm-lesmesnuls.fr\/?attachment_id=931#main\" data-orig-file=\"https:\/\/i0.wp.com\/sdm-lesmesnuls.fr\/wp-content\/uploads\/printSDM-e1559131125811.png?fit=841%2C720&amp;ssl=1\" data-orig-size=\"841,720\" data-comments-opened=\"1\" data-image-meta=\"{&quot;aperture&quot;:&quot;0&quot;,&quot;credit&quot;:&quot;&quot;,&quot;camera&quot;:&quot;&quot;,&quot;caption&quot;:&quot;&quot;,&quot;created_timestamp&quot;:&quot;0&quot;,&quot;copyright&quot;:&quot;&quot;,&quot;focal_length&quot;:&quot;0&quot;,&quot;iso&quot;:&quot;0&quot;,&quot;shutter_speed&quot;:&quot;0&quot;,&quot;title&quot;:&quot;&quot;,&quot;orientation&quot;:&quot;0&quot;}\" data-image-title=\"printSDM\" data-image-description=\"\" data-image-caption=\"\" data-medium-file=\"https:\/\/i0.wp.com\/sdm-lesmesnuls.fr\/wp-content\/uploads\/printSDM-e1559131125811.png?fit=600%2C514&amp;ssl=1\" data-large-file=\"https:\/\/i0.wp.com\/sdm-lesmesnuls.fr\/wp-content\/uploads\/printSDM-e1559131125811.png?fit=800%2C685&amp;ssl=1\" tabindex=\"0\" role=\"button\" class=\"wp-image-931 aligncenter\" src=\"https:\/\/i0.wp.com\/sdm-lesmesnuls.fr\/wp-content\/uploads\/printSDM-e1559131125811-600x514.png?resize=45%2C39&#038;ssl=1\" alt=\"\" width=\"45\" height=\"39\" srcset=\"https:\/\/i0.wp.com\/sdm-lesmesnuls.fr\/wp-content\/uploads\/printSDM-e1559131125811.png?resize=600%2C514&amp;ssl=1 600w, https:\/\/i0.wp.com\/sdm-lesmesnuls.fr\/wp-content\/uploads\/printSDM-e1559131125811.png?resize=768%2C658&amp;ssl=1 768w, https:\/\/i0.wp.com\/sdm-lesmesnuls.fr\/wp-content\/uploads\/printSDM-e1559131125811.png?w=841&amp;ssl=1 841w\" sizes=\"(max-width: 45px) 100vw, 45px\" data-recalc-dims=\"1\" \/><\/a>puis \u00e0 cocher les cases confirmant votre souhait et enfin mettre ce bulletin dans la boite aux lettres des Associations sur le parking de la mairie.<\/p>\n<p><em>Confidentialit\u00e9<\/em><br \/>\n<em>A l&rsquo;issue de cette consultation, aucun nom ne sera diffus\u00e9 ou mentionn\u00e9..<\/em><br \/>\n<em>Si vous faites un commentaire, il ne sera fait r\u00e9f\u00e9rence, si besoin seulement, qu\u2019\u00e0 votre pseudo<\/em><\/p>\n<div data-test='contact-form' id='contact-form-1497' class='wp-block-jetpack-contact-form-container '>\n<form action='https:\/\/sdm-lesmesnuls.fr\/?p=1497#contact-form-1497' method='post' class='contact-form commentsblock' aria-label=\"Consultation des Mesnulois - RD191\" novalidate>\n\n<div style=\"\" class='grunion-field-name-wrap grunion-field-wrap'  >\n<label\n\t\t\t\tfor='g1497-nom'\n\t\t\t\tclass='grunion-field-label name'>Nom<span class=\"grunion-label-required\" aria-hidden=\"true\">(obligatoire)<\/span><\/label>\n<input\n\t\t\t\t\ttype='text'\n\t\t\t\t\tname='g1497-nom'\n\t\t\t\t\tid='g1497-nom'\n\t\t\t\t\tvalue=''\n\t\t\t\t\tclass='name  grunion-field' \n\t\t\t\t\trequired aria-required='true' \/>\n\t<\/div>\n\n<div style=\"\" class='grunion-field-email-wrap grunion-field-wrap'  >\n<label\n\t\t\t\tfor='g1497-email'\n\t\t\t\tclass='grunion-field-label email'>E-mail<span class=\"grunion-label-required\" aria-hidden=\"true\">(obligatoire)<\/span><\/label>\n<input\n\t\t\t\t\ttype='email'\n\t\t\t\t\tname='g1497-email'\n\t\t\t\t\tid='g1497-email'\n\t\t\t\t\tvalue=''\n\t\t\t\t\tclass='email  grunion-field' \n\t\t\t\t\trequired aria-required='true' \/>\n\t<\/div>\n\n<div style=\"\" class='grunion-field-text-wrap grunion-field-wrap'  >\n<label\n\t\t\t\tfor='g1497-votrepseudo'\n\t\t\t\tclass='grunion-field-label text'>votre pseudo<\/label>\n<input\n\t\t\t\t\ttype='text'\n\t\t\t\t\tname='g1497-votrepseudo'\n\t\t\t\t\tid='g1497-votrepseudo'\n\t\t\t\t\tvalue=''\n\t\t\t\t\tclass='text  grunion-field' \n\t\t\t\t\t \/>\n\t<\/div>\n\n<div style=\"\" class='grunion-field-checkbox-wrap grunion-field-wrap'  >\n<div class='contact-form__checkbox-wrap'><input id='g1497-voustesfavorablelinterdictiondespoidslourdssurlard191danslesmesnuls' type='checkbox' name='g1497-voustesfavorablelinterdictiondespoidslourdssurlard191danslesmesnuls' value='Oui' class='checkbox  grunion-field'  \/> \n<label for='g1497-voustesfavorablelinterdictiondespoidslourdssurlard191danslesmesnuls' class='grunion-field-label checkbox' style=''>Vous \u00eates favorable \u00e0 l\u2019interdiction des Poids-Lourds sur la RD 191 dans Les Mesnuls<\/label>\n<div class='clear-form'><\/div>\n<\/div>\t<\/div>\n\n<div style=\"\" class='grunion-field-checkbox-wrap grunion-field-wrap'  >\n<div class='contact-form__checkbox-wrap'><input id='g1497-touteslesdmarchesadministrativespossiblesdoiventtreengagesparlamairiejusqulapromulgationdelarrtdinterdictiondespoidslourdsentransitdansnotrevillage' type='checkbox' name='g1497-touteslesdmarchesadministrativespossiblesdoiventtreengagesparlamairiejusqulapromulgationdelarrtdinterdictiondespoidslourdsentransitdansnotrevillage' value='Oui' class='checkbox  grunion-field'  \/> \n<label for='g1497-touteslesdmarchesadministrativespossiblesdoiventtreengagesparlamairiejusqulapromulgationdelarrtdinterdictiondespoidslourdsentransitdansnotrevillage' class='grunion-field-label checkbox' style=''>Toutes les d\u00e9marches administratives possibles doivent \u00eatre engag\u00e9es par la mairie jusqu\u2019\u00e0 la promulgation de l\u2019arr\u00eat\u00e9 d\u2019interdiction des Poids-Lourds en transit dans notre village.<\/label>\n<div class='clear-form'><\/div>\n<\/div>\t<\/div>\n\n<div style=\"\" class='grunion-field-text-wrap grunion-field-wrap'  >\n<label\n\t\t\t\tfor='g1497-nouslaisserunmessage'\n\t\t\t\tclass='grunion-field-label text'>Nous laisser un message<\/label>\n<input\n\t\t\t\t\ttype='text'\n\t\t\t\t\tname='g1497-nouslaisserunmessage'\n\t\t\t\t\tid='g1497-nouslaisserunmessage'\n\t\t\t\t\tvalue=''\n\t\t\t\t\tclass='text  grunion-field' \n\t\t\t\t\t \/>\n\t<\/div>\n\t<p class='contact-submit'>\n\t\t<button type='submit' class='pushbutton-wide'>Envoyer<\/button>\t\t<input type='hidden' name='contact-form-id' value='1497' \/>\n\t\t<input type='hidden' name='action' value='grunion-contact-form' \/>\n\t\t<input type='hidden' name='contact-form-hash' value='030cff6509d0512085607de25a2fab0b96622530' \/>\n\t<\/p>\n<p style=\"display: none !important;\" class=\"akismet-fields-container\" data-prefix=\"ak_\"><label>&#916;<textarea name=\"ak_hp_textarea\" cols=\"45\" rows=\"8\" maxlength=\"100\"><\/textarea><\/label><input type=\"hidden\" id=\"ak_js_1\" name=\"ak_js\" value=\"221\"\/><script>document.getElementById( \"ak_js_1\" ).setAttribute( \"value\", ( new Date() ).getTime() );<\/script><\/p><\/form>\n<\/div>\n<hr \/>\n<p style=\"text-align: center;\"><strong>RD 191 &#8211; Rappel de certaines \u00e9tapes<\/strong><\/p>\n<p>La Loi\u00a0: \u00ab\u00a0Le maire exerce la police<sup>(1)<\/sup> de la circulation des routes nationales, d\u00e9partementales et les voies de communication\u00a0\u00bb<br \/>\n\u00ab\u00a0Aucune contrainte particuli\u00e8re ne peut \u00eatre impos\u00e9e par le D\u00e9partement\u00a0\u00bb.<br \/>\n[ il n\u2019existe pas de contr\u00f4le du conseil municipal sur le maire en sa qualit\u00e9 d\u2019autorit\u00e9 municipale de police administrative ]<\/p>\n<p>NB\u00a0: <sup>(1)<\/sup> autorit\u00e9 de police\u00a0mais pas de justice.<\/p>\n<p>17 Mars 2011 Courrier de la Direction G\u00e9n\u00e9rale des Service du D\u00e9partement au Pr\u00e9sident de la SDM de l\u2019\u00e9poque,<br \/>\n\u00ab\u00a0la RD 191 ne figure pas actuellement parmi les routes \u00e0 grande circulation\u00a0\u00bb\u00a0\u00ab\u00a0le D\u00e9partement a rendu un avis favorable \u00e0 cette proposition qui a permis la prise du d\u00e9cret du 3 Juin 2009 officialisant le d\u00e9classement de la RD 191\u00a0\u00bb\u00a0 \u00ab\u00a0En cons\u00e9quence aucune contrainte particuli\u00e8re ne peut \u00eatre impos\u00e9e par le D\u00e9partement \u00e0 la commune des Mesnuls pour y r\u00e9glementer la circulation des poids lourds\u00a0\u00bb \u00ab\u00a0Toutefois, j\u2019attire votre attention sur le fait que l\u2019interdiction de circulation pour certains v\u00e9hicules n\u00e9cessite la mise en place d\u2019un itin\u00e9raire de d\u00e9viation\u00a0\u00bb.<\/p>\n<p><strong>2014<\/strong> profession de foi en vue de l\u2019\u00e9lection municipale,<br \/>\n\u00ab\u00a0renforcer la s\u00e9curit\u00e9 routi\u00e8re au sein du village et poursuivre les actions de ralentissement de trafic sur la RD 191\u00a0\u00bb.<\/p>\n<p><strong>2015<\/strong> La Mairie fait r\u00e9aliser un audit par un cabinet juridique sp\u00e9cialis\u00e9 dans le domaine de la circulation. Extraits du compte-rendu r\u00e9dig\u00e9 par ce cabinet sp\u00e9cialis\u00e9,<br \/>\n\u00ab\u00a0en l\u2019esp\u00e8ce, une r\u00e9glementation sans mesure particuli\u00e8re de contournement prise par le maire para\u00eet envisageable, en consid\u00e9rant que le contournement est d\u00e9j\u00e0 possible via l\u2019A13, l\u2019A12 et la RN10,\u2026 cet itin\u00e9raire est coh\u00e9rent avec le Plan de D\u00e9placements Urbains d\u2019\u00eele de France approuv\u00e9 en juin 2014 par le Conseil R\u00e9gional d\u2019IdF\u00a0\u2026une telle mesure, si elle venait \u00e0 \u00eatre contest\u00e9e ferait alors l\u2019objet d\u2019un examen par le juge\u2026 toute mesure de police peut faire l\u2019objet d\u2019un recours visant \u00e0 contester la l\u00e9galit\u00e9 de la mesure \u00e9dict\u00e9e et, le cas \u00e9ch\u00e9ant, constituer le fondement de l\u2019engagement de la responsabilit\u00e9 de la commune, \u00e9tant pr\u00e9cis\u00e9 que l\u2019inaction peut \u00e9galement \u00eatre sanctionn\u00e9e.\u00a0\u00bb.<\/p>\n<p><strong>Juillet 2017<\/strong> BULLETIN D\u2019INFORMATION MUNICIPAL<br \/>\n\u00ab\u00a0la commune des Mesnuls avec celle de Mareil-le-Guyon, a tent\u00e9 de mener pendant toute l\u2019ann\u00e9e 2016, une tentative de dialogue avec les repr\u00e9sentants de l\u2019Etat et du D\u00e9partement\u00a0: 17 mai 2016 envoi pour avis au Pr\u00e9fet et au Pr\u00e9sident du Conseil d\u00e9partemental du projet d\u2019arr\u00eat\u00e9\u2026 avis d\u00e9favorable du Conseil d\u00e9partemental\u2026 cette tentative s\u2019\u00e9tant r\u00e9v\u00e9l\u00e9e infructueuse, les deux communes ont d\u00e9cid\u00e9 de publier d\u2019ici la rentr\u00e9e, un arr\u00eat\u00e9 d\u2019interdiction du trafic des poids lourds de plus de 7,5 tonnes\u00a0\u00bb.<\/p>\n<p>Commentaires SDM\u00a0: on est en droit de s\u2019\u00e9tonner de ces demandes d\u2019avis \u00e9tant donn\u00e9 la lettre du 17 Mars 2011 et les conseils du cabinet juridique mandat\u00e9 par la Mairie.<\/p>\n<p><strong>Juillet 2018<\/strong> BULLETIN D\u2019INFORMATION MUNICIPAL.<br \/>\n\u00ab\u00a0certains affirment que la solution serait de prendre un arr\u00eat\u00e9 d\u2019interdiction pour les poids lourds afin que le probl\u00e8me soit d\u00e9finitivement r\u00e9gl\u00e9\u00a0\u2026 (voir extraits du bulletin pr\u00e9c\u00e9dent ci-dessus)\u2026 cette ancienne route nationale demeure un axe d\u2019int\u00e9r\u00eat \u00e9conomique structurant du d\u00e9partement. Je suis donc dans l\u2019impossibilit\u00e9, \u00e0 mon niveau, de r\u00e9gler ce probl\u00e8me\u2026\u00a0\u00bb<\/p>\n<p><strong>Janvier 2019<\/strong> CONCLUSIONS du COMMISSAIRE ENQU\u00caTEUR \u00e0 la \u00ab\u00a0sente pi\u00e9tonni\u00e8re\u00a0!\u00bb.<br \/>\n\u00ab\u00a0Consid\u00e9rant que l&rsquo;ouvrage projet\u00e9 ne contribuera manifestement pas au traitement \u00e0 la source du probl\u00e8me g\u00e9n\u00e9ral de s\u00e9curit\u00e9 pos\u00e9 par la circulation de transit empruntant la D191, circulation comportant en particulier un nombre tr\u00e8s important de poids-lourds, qui plus est sans limitation de tonnage, et elle-m\u00eame source de nuisances importantes pour la population locale ( bruit, pollution, odeurs &#8230;),\u2026. \/\/ \u2026. AVIS D\u00c9FAVORABLE<\/p>\n","protected":false},"excerpt":{"rendered":"<p>Devant l\u2019urgence climatique et les obligations pour les communes de participer \u00e0 la diminution des gaz \u00e0 effet de serre, suite aux engagements fran\u00e7ais et internationaux et bien entendu au regard des nuisances quotidiennes support\u00e9es par notre population, nous souhaitons <a class=\"more-link\" href=\"https:\/\/sdm-lesmesnuls.fr\/?p=1497\">&#8230;.. LIRE LA SUITE \u2192<\/a><\/p>\n","protected":false},"author":1,"featured_media":1552,"comment_status":"open","ping_status":"open","sticky":false,"template":"","format":"standard","meta":{"jetpack_post_was_ever_published":false,"_jetpack_newsletter_access":"","_jetpack_dont_email_post_to_subs":false,"_jetpack_newsletter_tier_id":0,"_jetpack_memberships_contains_paywalled_content":false,"footnotes":"","_jetpack_memberships_contains_paid_content":false,"jetpack_publicize_message":"","jetpack_publicize_feature_enabled":true,"jetpack_social_post_already_shared":true,"jetpack_social_options":{"image_generator_settings":{"template":"highway","enabled":false},"version":2}},"categories":[37,38],"tags":[17],"jetpack_publicize_connections":[],"jetpack_featured_media_url":"https:\/\/i0.wp.com\/sdm-lesmesnuls.fr\/wp-content\/uploads\/Consultation.png?fit=619%2C77&ssl=1","jetpack_sharing_enabled":true,"jetpack_shortlink":"https:\/\/wp.me\/p71w7n-o9","jetpack-related-posts":[],"_links":{"self":[{"href":"https:\/\/sdm-lesmesnuls.fr\/index.php?rest_route=\/wp\/v2\/posts\/1497"}],"collection":[{"href":"https:\/\/sdm-lesmesnuls.fr\/index.php?rest_route=\/wp\/v2\/posts"}],"about":[{"href":"https:\/\/sdm-lesmesnuls.fr\/index.php?rest_route=\/wp\/v2\/types\/post"}],"author":[{"embeddable":true,"href":"https:\/\/sdm-lesmesnuls.fr\/index.php?rest_route=\/wp\/v2\/users\/1"}],"replies":[{"embeddable":true,"href":"https:\/\/sdm-lesmesnuls.fr\/index.php?rest_route=%2Fwp%2Fv2%2Fcomments&post=1497"}],"version-history":[{"count":20,"href":"https:\/\/sdm-lesmesnuls.fr\/index.php?rest_route=\/wp\/v2\/posts\/1497\/revisions"}],"predecessor-version":[{"id":1578,"href":"https:\/\/sdm-lesmesnuls.fr\/index.php?rest_route=\/wp\/v2\/posts\/1497\/revisions\/1578"}],"wp:featuredmedia":[{"embeddable":true,"href":"https:\/\/sdm-lesmesnuls.fr\/index.php?rest_route=\/wp\/v2\/media\/1552"}],"wp:attachment":[{"href":"https:\/\/sdm-lesmesnuls.fr\/index.php?rest_route=%2Fwp%2Fv2%2Fmedia&parent=1497"}],"wp:term":[{"taxonomy":"category","embeddable":true,"href":"https:\/\/sdm-lesmesnuls.fr\/index.php?rest_route=%2Fwp%2Fv2%2Fcategories&post=1497"},{"taxonomy":"post_tag","embeddable":true,"href":"https:\/\/sdm-lesmesnuls.fr\/index.php?rest_route=%2Fwp%2Fv2%2Ftags&post=1497"}],"curies":[{"name":"wp","href":"https:\/\/api.w.org\/{rel}","templated":true}]}}